{"id":31563,"date":"2021-09-01T20:35:45","date_gmt":"2021-09-02T01:35:45","guid":{"rendered":"http:\/\/www.zonaroja.com.mx\/?p=31563"},"modified":"2021-09-01T20:35:48","modified_gmt":"2021-09-02T01:35:48","slug":"exige-congreso-de-oaxaca-a-gobierno-apoyar-a-damnificados-del-sismo-de-2017","status":"publish","type":"post","link":"https:\/\/zonaroja.com.mx\/?p=31563","title":{"rendered":"Exige Congreso de Oaxaca a gobierno apoyar a damnificados del sismo de 2017"},"content":{"rendered":"\n<p>Redacci\u00f3n\/Zona Roja.<\/p>\n\n\n\n<p>Oaxaca de Ju\u00e1rez, Oax., 1 de septiembre de 2021.- El Congreso del Estado aprob\u00f3 un exhorto al Poder Ejecutivo de Oaxaca, para que cumpla con apoyar a los damnificados del sismo del 7 de septiembre de 2017.<\/p>\n\n\n\n<p>La propuesta con Punto de Acuerdo fue presentada por la fracci\u00f3n parlamentaria del Partido Morena y aprobada este mi\u00e9rcoles con 27 votos.<\/p>\n\n\n\n<p>De acuerdo con el planteamiento le\u00eddo en tribuna por la diputada Gloria S\u00e1nchez L\u00f3pez, el terremoto de hace casi cuatro a\u00f1os afect\u00f3 283 municipios de Oaxaca, seg\u00fan qued\u00f3 registrado por el Centro Nacional de Prevenci\u00f3n a Desastres; dej\u00f3 incontables da\u00f1os en la regi\u00f3n del Istmo de Tehuantepec, y espec\u00edficamente en Juchit\u00e1n de Zaragoza.<\/p>\n\n\n\n<p>Posterior a dicho terremoto, los pueblos del Istmo siguieron padeciendo miles de r\u00e9plicas que agravaron los da\u00f1os sufridos inicialmente, por lo que el Gobierno del Estado, a trav\u00e9s de la Secretar\u00eda General de Gobierno, solicit\u00f3 al Centro Nacional de Prevenci\u00f3n a Desastres (Cenapred) que emitiera la opini\u00f3n t\u00e9cnica para certificar las afectaciones en los municipios del istmo, con el fin de incorporarlos en una segunda declaratoria de desastre y as\u00ed acceder a los recursos del Fonden.<\/p>\n\n\n\n<p>Fue de esta manera que ocho municipios del Istmo de Tehuantepec, finalmente fueron contemplados, en una segunda declaratoria de desastre.<\/p>\n\n\n\n<p>Con base en lo anterior, las familias fueron visitadas por personal de la Secretar\u00eda de Desarrollo Agrario, Territorial y Urbano del Gobierno Federal (Sedatu) y la Comisi\u00f3n Estatal de Vivienda (Cevi) del Gobierno del Estado, quienes evaluaron los da\u00f1os y fueron incluidos en un censo que los hizo acreedores a los apoyos de reconstrucci\u00f3n.<\/p>\n\n\n\n<p>Refiri\u00f3 que el gobierno de Andr\u00e9s Manuel L\u00f3pez Obrador implement\u00f3 desde un inicio de su mandato el Programa Nacional de Reconstrucci\u00f3n, para atender a la poblaci\u00f3n afectada por los sismos.<\/p>\n\n\n\n<p>Fue as\u00ed que en el marco de coordinaci\u00f3n con el Gobierno del Estado, la Federaci\u00f3n asumi\u00f3 la responsabilidad de aportar el 49 por ciento de los recursos para atender a los damnificados del segundo censo.<\/p>\n\n\n\n<p>\u201cEl gobierno del presidente Lopez Obrador ha cumplido no solo con el porcentaje que se comprometi\u00f3, ha ido m\u00e1s all\u00e1 construyendo completamente las viviendas de las familias que sufrieron la p\u00e9rdida total de sus hogares, mientras que el gobierno de Alejandro Murat que se comprometi\u00f3 a aportar el 51% para atender a las familias que sufrieron la p\u00e9rdida parcial de sus hogares, a la fecha no ha cumplido con este compromiso\u201d, expuso.<\/p>\n\n\n\n<p>A\u00f1adi\u00f3 que a casi cuatro a\u00f1os de la tragedia, a\u00fan hay pendientes en la regi\u00f3n del Istmo, pues hay vivienda que no fueron contemplados en la segunda declaratoria de desastre.<\/p>\n\n\n\n<p>Tan s\u00f3lo en Juchit\u00e1n de Zaragoza, existen 3200 viviendas clasificadas con p\u00e9rdida parcial que no han sido atendidas, porque el Gobierno del Estado a\u00fan no ha aportado los recursos que le corresponden, dijo.<\/p>\n\n\n\n<p>Por ello, el pleno del Legislativo aprob\u00f3 el exhorto<\/p>\n\n\n\n<p>\u201cEl motivo de este exhorto al Gobierno del Estado, es porque han pasado m\u00e1s de tres a\u00f1os del compromiso contra\u00eddo y no se les nota ning\u00fan inter\u00e9s por cumplir. Tal parece que han abandonado completamente sus compromisos de gobierno para que los asuma el presidente de la rep\u00fablica\u201d, refiri\u00f3 S\u00e1nchez L\u00f3pez.<\/p>\n","protected":false},"excerpt":{"rendered":"<p>Redacci\u00f3n\/Zona Roja. Oaxaca de Ju\u00e1rez, Oax., 1 de septiembre de 2021.- El Congreso del Estado&hellip;<\/p>\n","protected":false},"author":2,"featured_media":31564,"comment_status":"closed","ping_status":"open","sticky":false,"template":"","format":"standard","meta":{"_lmt_disableupdate":"","_lmt_disable":"","_jetpack_memberships_contains_paid_content":false,"footnotes":""},"categories":[109,47],"tags":[213],"class_list":["post-31563","post","type-post","status-publish","format-standard","has-post-thumbnail","hentry","category-minuto-a-minuto","category-zona-gris","tag-64-legislatura-de-oaxaca"],"jetpack_featured_media_url":"https:\/\/zonaroja.com.mx\/wp-content\/uploads\/2021\/09\/Sesion-Congreso-Oaxaca.jpg","jetpack_sharing_enabled":true,"_links":{"self":[{"href":"https:\/\/zonaroja.com.mx\/index.php?rest_route=\/wp\/v2\/posts\/31563","targetHints":{"allow":["GET"]}}],"collection":[{"href":"https:\/\/zonaroja.com.mx\/index.php?rest_route=\/wp\/v2\/posts"}],"about":[{"href":"https:\/\/zonaroja.com.mx\/index.php?rest_route=\/wp\/v2\/types\/post"}],"author":[{"embeddable":true,"href":"https:\/\/zonaroja.com.mx\/index.php?rest_route=\/wp\/v2\/users\/2"}],"replies":[{"embeddable":true,"href":"https:\/\/zonaroja.com.mx\/index.php?rest_route=%2Fwp%2Fv2%2Fcomments&post=31563"}],"version-history":[{"count":1,"href":"https:\/\/zonaroja.com.mx\/index.php?rest_route=\/wp\/v2\/posts\/31563\/revisions"}],"predecessor-version":[{"id":31565,"href":"https:\/\/zonaroja.com.mx\/index.php?rest_route=\/wp\/v2\/posts\/31563\/revisions\/31565"}],"wp:featuredmedia":[{"embeddable":true,"href":"https:\/\/zonaroja.com.mx\/index.php?rest_route=\/wp\/v2\/media\/31564"}],"wp:attachment":[{"href":"https:\/\/zonaroja.com.mx\/index.php?rest_route=%2Fwp%2Fv2%2Fmedia&parent=31563"}],"wp:term":[{"taxonomy":"category","embeddable":true,"href":"https:\/\/zonaroja.com.mx\/index.php?rest_route=%2Fwp%2Fv2%2Fcategories&post=31563"},{"taxonomy":"post_tag","embeddable":true,"href":"https:\/\/zonaroja.com.mx\/index.php?rest_route=%2Fwp%2Fv2%2Ftags&post=31563"}],"curies":[{"name":"wp","href":"https:\/\/api.w.org\/{rel}","templated":true}]}}