{"id":31566,"date":"2021-09-01T21:45:52","date_gmt":"2021-09-02T02:45:52","guid":{"rendered":"http:\/\/www.zonaroja.com.mx\/?p=31566"},"modified":"2021-09-01T21:45:55","modified_gmt":"2021-09-02T02:45:55","slug":"responsabilizan-a-fiscalia-de-oaxaca-de-liberacion-de-presuntos-ladrones","status":"publish","type":"post","link":"https:\/\/zonaroja.com.mx\/?p=31566","title":{"rendered":"Responsabilizan a Fiscal\u00eda de Oaxaca de liberaci\u00f3n de presuntos ladrones"},"content":{"rendered":"\n<p>Redacci\u00f3n\/Zona Roja.<\/p>\n\n\n\n<p>Oaxaca de Ju\u00e1rez, Oax., 1 de septiembre de 2021.- V\u00edctimas de un robo domiciliario en San Felipe del Agua, ciudad de Oaxaca, responsabilizaron a la Fiscal\u00eda General del Estado por liberar a los supuestos autores del atraco, detenidos por la Polic\u00eda Estatal.<\/p>\n\n\n\n<p>\u201cOigan, con la noticia que Arturo Peimbert Calvo, fiscal de Oaxaca solt\u00f3 a los asaltantes de mi casa del domingo enfrente de sus familiares\u201d, escribi\u00f3 en su perfil de Facebook una de las v\u00edctimas de los presuntos ladrones que ingresaron a una residencia ubicada en la calle de Catalina en el fraccionamiento Consuelo Ruiz en la agencia municipal de San Felipe del Agua.<\/p>\n\n\n\n<p>\u201cMe queda claro que las autoridades de Oaxaca no sirven de nada y no nos protegen de nada y no nos quedar\u00e1 de otra m\u00e1s que defendernos nosotros mismos, esta es una banda de rateros y si hay m\u00e1s robos en casas, ser\u00e1 culpa de la Fiscal\u00eda por no hacer las cosas honestamente, espero no les pase a sus familiares de estas personas porque realmente no saben lo que se siente\u201d, reproch\u00f3, quien se identific\u00f3 como Mar\u00eda Aroche.<\/p>\n\n\n\n<p>La v\u00edctima pide que pasen la voz para hacer responsable al fiscal, quien no se presenta a las oficinas de La Experimental, San Antonio de la&nbsp; Cal, y muchos menos de Ciudad Judicial.<\/p>\n\n\n\n<p>Y es que los robos en residencias de San Felipe del Agua se han incrementado y la Polic\u00eda Estatal logr\u00f3 el lunes el arresto de los presuntos ladrones, pero en la Fiscal\u00eda General del Estado decidieron soltarlos, presuntamente por falta de pruebas.<\/p>\n\n\n\n<p>En fotos obtenidas de un video se observa a los sujetos que primero pasan con un perro y despu\u00e9s supuestamente cometen el robo, subiendo computadoras y otros aparatos electr\u00f3nicos a la unidad de motor Kia con placas de circulaci\u00f3n TLZ-88-24 del estado.<\/p>\n","protected":false},"excerpt":{"rendered":"<p>Redacci\u00f3n\/Zona Roja. Oaxaca de Ju\u00e1rez, Oax., 1 de septiembre de 2021.- V\u00edctimas de un robo&hellip;<\/p>\n","protected":false},"author":2,"featured_media":31496,"comment_status":"closed","ping_status":"open","sticky":false,"template":"","format":"standard","meta":{"_lmt_disableupdate":"","_lmt_disable":"","_jetpack_memberships_contains_paid_content":false,"footnotes":""},"categories":[109,47],"tags":[494],"class_list":["post-31566","post","type-post","status-publish","format-standard","has-post-thumbnail","hentry","category-minuto-a-minuto","category-zona-gris","tag-fiscalia-general-del-estado-de-oaxaca"],"jetpack_featured_media_url":"https:\/\/zonaroja.com.mx\/wp-content\/uploads\/2021\/08\/Asalto-San-Felipe-del-Agua.jpg","jetpack_sharing_enabled":true,"_links":{"self":[{"href":"https:\/\/zonaroja.com.mx\/index.php?rest_route=\/wp\/v2\/posts\/31566","targetHints":{"allow":["GET"]}}],"collection":[{"href":"https:\/\/zonaroja.com.mx\/index.php?rest_route=\/wp\/v2\/posts"}],"about":[{"href":"https:\/\/zonaroja.com.mx\/index.php?rest_route=\/wp\/v2\/types\/post"}],"author":[{"embeddable":true,"href":"https:\/\/zonaroja.com.mx\/index.php?rest_route=\/wp\/v2\/users\/2"}],"replies":[{"embeddable":true,"href":"https:\/\/zonaroja.com.mx\/index.php?rest_route=%2Fwp%2Fv2%2Fcomments&post=31566"}],"version-history":[{"count":1,"href":"https:\/\/zonaroja.com.mx\/index.php?rest_route=\/wp\/v2\/posts\/31566\/revisions"}],"predecessor-version":[{"id":31567,"href":"https:\/\/zonaroja.com.mx\/index.php?rest_route=\/wp\/v2\/posts\/31566\/revisions\/31567"}],"wp:featuredmedia":[{"embeddable":true,"href":"https:\/\/zonaroja.com.mx\/index.php?rest_route=\/wp\/v2\/media\/31496"}],"wp:attachment":[{"href":"https:\/\/zonaroja.com.mx\/index.php?rest_route=%2Fwp%2Fv2%2Fmedia&parent=31566"}],"wp:term":[{"taxonomy":"category","embeddable":true,"href":"https:\/\/zonaroja.com.mx\/index.php?rest_route=%2Fwp%2Fv2%2Fcategories&post=31566"},{"taxonomy":"post_tag","embeddable":true,"href":"https:\/\/zonaroja.com.mx\/index.php?rest_route=%2Fwp%2Fv2%2Ftags&post=31566"}],"curies":[{"name":"wp","href":"https:\/\/api.w.org\/{rel}","templated":true}]}}