{"id":3157,"date":"2019-08-17T09:10:18","date_gmt":"2019-08-17T14:10:18","guid":{"rendered":"http:\/\/www.zonaroja.com.mx\/?p=3157"},"modified":"2019-08-17T18:53:19","modified_gmt":"2019-08-17T23:53:19","slug":"con-protestas-recibieron-a-lopez-obrador-en-huautla","status":"publish","type":"post","link":"https:\/\/zonaroja.com.mx\/?p=3157","title":{"rendered":"Con protestas recibieron a L\u00f3pez Obrador en Huautla"},"content":{"rendered":"\n<p>Redacci\u00f3n\/Zona\nRoja.<\/p>\n\n\n\n<p>Oaxaca de\nJu\u00e1rez, Oax., 17 de agosto de 2019.- Un grupo de habitantes y familiares de\nv\u00edctimas protest\u00f3 ayer en Huautla de Jim\u00e9nez previo a la llegada del Presidente\nde M\u00e9xico, Andr\u00e9s Manuel L\u00f3pez Obrador.<\/p>\n\n\n\n<p>Con mantas y\ngritos, los manifestantes demandaron justicia y castigo a los responsables de\nlos diversos cr\u00edmenes que han ocurrido en Huautla y en la regi\u00f3n Ca\u00f1ada, as\u00ed\ncomo denunciar la nula procuraci\u00f3n de justicia.<\/p>\n\n\n\n<p>El\nmandatario mexicano arrib\u00f3 alrededor de las siete de la noche para visitar el\nHospital Rural No. 43 del Instituto Mexicano del Seguro Social (IMSS) en este\nmunicipio de la regi\u00f3n de la Ca\u00f1ada y dialogar con los trabajadores.<\/p>\n\n\n\n<p>En su\nmensaje inform\u00f3 que el gobierno federal inici\u00f3 con cuatro acciones espec\u00edficas\npara mejorar el sistema de salud en el pa\u00eds: la primera es referente a que no\nhaya desabasto de medicamentos; tambi\u00e9n que todos los centros hospitalarios y\nde salud cuenten con m\u00e9dicos, enfermeras y especialistas.<\/p>\n\n\n\n<p>La tercera\nacci\u00f3n es mejorar la infraestructura m\u00e9dica en todo el pa\u00eds; y como cuarta\nacci\u00f3n, la basificaci\u00f3n de las y los trabajadores de salud conforme a su\nantig\u00fcedad y comportamiento.<\/p>\n\n\n\n<p>En un\ncomunicado, el Gobierno del Estado inform\u00f3 que L\u00f3pez Obrador reconoci\u00f3 el\ntrabajo de gesti\u00f3n que ha realizado el gobernador para lograr que hospitales\ncomo el de San Jos\u00e9 Tenango, Santa Mar\u00eda Chilchotla y Jalapa de D\u00edaz puedan\ncontar con recursos necesarios para su culminaci\u00f3n y operaci\u00f3n, adem\u00e1s de otros\nen los que se retomar\u00e1n los trabajos.<\/p>\n\n\n\n<p>\u00abQuiero\nreconocer a Alejandro Murat por el trabajo coordinado. \u00c9l est\u00e1 haciendo\ngestiones para Oaxaca, es un buen gestor y hay una muy buena coordinaci\u00f3n,\nadem\u00e1s de que no le cuesta mucho trabajo por que yo quiero mucho al pueblo de\nOaxaca\u00bb, expres\u00f3.<\/p>\n\n\n\n<p>El Hospital\nRural IMSS Bienestar de Huautla opera desde 1981, atendiendo a 16 mil\nderechohabientes aproximadamente; otorgando adem\u00e1s 160 consultas diarias en las\n\u00e1reas de urgencias, medicina general, psicolog\u00eda, cirug\u00eda general,\nginecobstetricia, consulta de especialidades y hospitalizaci\u00f3n, entre otros.\nPara ello, este nosocomio cuenta con una plantilla laboral de 180 personas entre\npersonal m\u00e9dico, de enfermer\u00eda y administrativo.<\/p>\n","protected":false},"excerpt":{"rendered":"<p>Redacci\u00f3n\/Zona Roja. Oaxaca de Ju\u00e1rez, Oax., 17 de agosto de 2019.- Un grupo de habitantes&hellip;<\/p>\n","protected":false},"author":2,"featured_media":3158,"comment_status":"closed","ping_status":"open","sticky":false,"template":"","format":"standard","meta":{"_lmt_disableupdate":"","_lmt_disable":"","_jetpack_memberships_contains_paid_content":false,"footnotes":""},"categories":[109,47],"tags":[143,203],"class_list":["post-3157","post","type-post","status-publish","format-standard","has-post-thumbnail","hentry","category-minuto-a-minuto","category-zona-gris","tag-andres-manuel-lopez-obrador","tag-huautla-de-jimenez"],"jetpack_featured_media_url":"https:\/\/zonaroja.com.mx\/wp-content\/uploads\/2019\/08\/AMH-HUAUTLA-04.jpg","jetpack_sharing_enabled":true,"_links":{"self":[{"href":"https:\/\/zonaroja.com.mx\/index.php?rest_route=\/wp\/v2\/posts\/3157","targetHints":{"allow":["GET"]}}],"collection":[{"href":"https:\/\/zonaroja.com.mx\/index.php?rest_route=\/wp\/v2\/posts"}],"about":[{"href":"https:\/\/zonaroja.com.mx\/index.php?rest_route=\/wp\/v2\/types\/post"}],"author":[{"embeddable":true,"href":"https:\/\/zonaroja.com.mx\/index.php?rest_route=\/wp\/v2\/users\/2"}],"replies":[{"embeddable":true,"href":"https:\/\/zonaroja.com.mx\/index.php?rest_route=%2Fwp%2Fv2%2Fcomments&post=3157"}],"version-history":[{"count":2,"href":"https:\/\/zonaroja.com.mx\/index.php?rest_route=\/wp\/v2\/posts\/3157\/revisions"}],"predecessor-version":[{"id":3160,"href":"https:\/\/zonaroja.com.mx\/index.php?rest_route=\/wp\/v2\/posts\/3157\/revisions\/3160"}],"wp:featuredmedia":[{"embeddable":true,"href":"https:\/\/zonaroja.com.mx\/index.php?rest_route=\/wp\/v2\/media\/3158"}],"wp:attachment":[{"href":"https:\/\/zonaroja.com.mx\/index.php?rest_route=%2Fwp%2Fv2%2Fmedia&parent=3157"}],"wp:term":[{"taxonomy":"category","embeddable":true,"href":"https:\/\/zonaroja.com.mx\/index.php?rest_route=%2Fwp%2Fv2%2Fcategories&post=3157"},{"taxonomy":"post_tag","embeddable":true,"href":"https:\/\/zonaroja.com.mx\/index.php?rest_route=%2Fwp%2Fv2%2Ftags&post=3157"}],"curies":[{"name":"wp","href":"https:\/\/api.w.org\/{rel}","templated":true}]}}