{"id":31572,"date":"2021-09-01T22:28:52","date_gmt":"2021-09-02T03:28:52","guid":{"rendered":"http:\/\/www.zonaroja.com.mx\/?p=31572"},"modified":"2021-09-01T22:28:54","modified_gmt":"2021-09-02T03:28:54","slug":"inicia-septiembre-en-oaxaca-con-613-contagiados-de-covid-y-19-muertos","status":"publish","type":"post","link":"https:\/\/zonaroja.com.mx\/?p=31572","title":{"rendered":"Inicia septiembre en Oaxaca con 613 contagiados de Covid y 19 muertos"},"content":{"rendered":"\n<p>Redacci\u00f3n\/Zona Roja.<\/p>\n\n\n\n<p>Oaxaca de Ju\u00e1rez, Oax., 1 de septiembre de 2021.- Oaxaca alcanz\u00f3 este 1 de septiembre, 68 mil 105 casos acumulados por Covid-19, con 613 nuevos contagios registrados.<\/p>\n\n\n\n<p>Hay, adem\u00e1s, cuatro mil 641 defunciones, 19 m\u00e1s que el d\u00eda de ayer, inform\u00f3 la dependencia Servicios de Salud de Oaxaca (SSO).<\/p>\n\n\n\n<p>Adem\u00e1s, suman mil 968 personas que presentaron s\u00edntomas en los \u00faltimos 14 d\u00edas, identificados en 174 municipios. En cuanto al n\u00famero de recuperados, se\u00f1ala que van 61 mil 496 pacientes, seis mil 045 casos sospechoso y 46 mil 824 negativos.<\/p>\n\n\n\n<p>Valles Centrales y el Istmo, son las regiones con m\u00e1s n\u00famero de casos activos, tras cuantificar 885 y 566 respectivamente, mientras que Tuxtepec, Costa, Mixteca y Sierra reportan una cantidad menor de notificaciones, 169, 155,109 y 84 casos, respectivamente.<\/p>\n\n\n\n<p>La disponibilidad de camas a nivel estatal es del 70%, hay 347 hospitalizados a causa del SARS-CoV-2, con 15 nuevos ingresos, y un total de 15 nosocomios trabajado a su m\u00e1xima capacidad.<\/p>\n\n\n\n<p>Los centros m\u00e9dicos para la atenci\u00f3n de la pandemia en la zona de Valles Centrales y la Mixteca se acercan al l\u00edmite de su capacidad, tras reportar 83.1% y 78.9% para este mi\u00e9rcoles, en tanto, el Istmo, Costa y Tuxtepec rebasan m\u00e1s de la mitad de saturaci\u00f3n con 62.5%, 51.9% y 53.3% cada uno; mientras que la Sierra es la \u00fanica Jurisdicci\u00f3n Sanitaria que se ha mantenido por 28 d\u00edas sin notificar camas ocupadas.<\/p>\n\n\n\n<figure class=\"wp-block-embed-twitter wp-block-embed is-type-rich is-provider-twitter\"><div class=\"wp-block-embed__wrapper\">\n<div class=\"twitter-tweet\"><blockquote class=\"twitter-tweet\" data-lang=\"es\"><p lang=\"es\" dir=\"ltr\"><a href=\"https:\/\/twitter.com\/hashtag\/%C3%9AltimoMinuto?src=hash&amp;ref_src=twsrc%5Etfw\">#\u00daltimoMinuto<\/a><br>Este mi\u00e9rcoles, los Servicios de Salud de <a href=\"https:\/\/twitter.com\/hashtag\/Oaxaca?src=hash&amp;ref_src=twsrc%5Etfw\">#Oaxaca<\/a> reportan 613 casos de Covid-19, lo que da un total de 68 mil 105 casos confirmados.<br>Tambi\u00e9n 19 defunciones, con lo que se acumulan 4 mil 641 decesos.<br>Hay 15 nosocomios saturados; ocupaci\u00f3n hospitalaria al 70%. <a href=\"https:\/\/t.co\/XZd0hnwPi9\">pic.twitter.com\/XZd0hnwPi9<\/a><\/p>&mdash; Zona Roja Oaxaca (@Zona_Roja_Oax) <a href=\"https:\/\/twitter.com\/Zona_Roja_Oax\/status\/1433237635527491585?ref_src=twsrc%5Etfw\">2 de septiembre de 2021<\/a><\/blockquote><\/div>\n<\/div><\/figure>\n\n\n\n<p>La instituci\u00f3n menciona que en esta jornada las demarcaciones con mayor incidencia de contagios son: Oaxaca de Ju\u00e1rez con 151 casos, San Juan Bautista Tuxtepec y Santa Cruz Xoxocotl\u00e1n con 33 cada uno, Ciudad Ixtepec con 25, Santa Mar\u00eda Atzompa con 23, Santa Luc\u00eda del Camino con 19, as\u00ed como la Heroica Ciudad de Juchit\u00e1n de Zaragoza con 17 y con el mismo n\u00famero Santa Mar\u00eda Huatulco, por mencionar algunos, para un total de 102 ayuntamientos con residentes positivos al coronavirus.<\/p>\n\n\n\n<p>La Jurisdicci\u00f3n Sanitaria de Valles Centrales contabiliza 41 mil 514 acumulados y dos mil 101 defunciones, Istmo ocho mil 901 y 985 defunciones, Tuxtepec cuatro mil 770 y 448 defunciones, Costa cinco mil 114 y 398 defunciones, Mixteca cinco mil 524 y 460 defunciones, Sierra dos mil 282 y 249 defunciones.<\/p>\n\n\n\n<p>Los SSO convocaron a la sociedad a reforzar las medidas de prevenci\u00f3n como el uso del cubrebocas, aplicar la sana distancia, el lavado frecuente de manos, ventilar los espacios cerrados, as\u00ed como quedarse en casa si es posible, no realizar reuniones innecesarias y sobre todo evitar riesgos a la salud en estas fiestas patrias.<\/p>\n","protected":false},"excerpt":{"rendered":"<p>Redacci\u00f3n\/Zona Roja. Oaxaca de Ju\u00e1rez, Oax., 1 de septiembre de 2021.- Oaxaca alcanz\u00f3 este 1&hellip;<\/p>\n","protected":false},"author":2,"featured_media":31573,"comment_status":"closed","ping_status":"open","sticky":false,"template":"","format":"standard","meta":{"_lmt_disableupdate":"","_lmt_disable":"","_jetpack_memberships_contains_paid_content":false,"footnotes":""},"categories":[109,47],"tags":[1512],"class_list":["post-31572","post","type-post","status-publish","format-standard","has-post-thumbnail","hentry","category-minuto-a-minuto","category-zona-gris","tag-coronavirus-oaxaca"],"jetpack_featured_media_url":"https:\/\/zonaroja.com.mx\/wp-content\/uploads\/2021\/09\/1-de-septiembre-de-2021.-Comunicado-Te\u0301cnico-.jpg","jetpack_sharing_enabled":true,"_links":{"self":[{"href":"https:\/\/zonaroja.com.mx\/index.php?rest_route=\/wp\/v2\/posts\/31572","targetHints":{"allow":["GET"]}}],"collection":[{"href":"https:\/\/zonaroja.com.mx\/index.php?rest_route=\/wp\/v2\/posts"}],"about":[{"href":"https:\/\/zonaroja.com.mx\/index.php?rest_route=\/wp\/v2\/types\/post"}],"author":[{"embeddable":true,"href":"https:\/\/zonaroja.com.mx\/index.php?rest_route=\/wp\/v2\/users\/2"}],"replies":[{"embeddable":true,"href":"https:\/\/zonaroja.com.mx\/index.php?rest_route=%2Fwp%2Fv2%2Fcomments&post=31572"}],"version-history":[{"count":1,"href":"https:\/\/zonaroja.com.mx\/index.php?rest_route=\/wp\/v2\/posts\/31572\/revisions"}],"predecessor-version":[{"id":31574,"href":"https:\/\/zonaroja.com.mx\/index.php?rest_route=\/wp\/v2\/posts\/31572\/revisions\/31574"}],"wp:featuredmedia":[{"embeddable":true,"href":"https:\/\/zonaroja.com.mx\/index.php?rest_route=\/wp\/v2\/media\/31573"}],"wp:attachment":[{"href":"https:\/\/zonaroja.com.mx\/index.php?rest_route=%2Fwp%2Fv2%2Fmedia&parent=31572"}],"wp:term":[{"taxonomy":"category","embeddable":true,"href":"https:\/\/zonaroja.com.mx\/index.php?rest_route=%2Fwp%2Fv2%2Fcategories&post=31572"},{"taxonomy":"post_tag","embeddable":true,"href":"https:\/\/zonaroja.com.mx\/index.php?rest_route=%2Fwp%2Fv2%2Ftags&post=31572"}],"curies":[{"name":"wp","href":"https:\/\/api.w.org\/{rel}","templated":true}]}}