{"id":31576,"date":"2021-09-02T07:59:59","date_gmt":"2021-09-02T12:59:59","guid":{"rendered":"http:\/\/www.zonaroja.com.mx\/?p=31576"},"modified":"2021-09-02T08:00:03","modified_gmt":"2021-09-02T13:00:03","slug":"promueve-poder-judicial-respeto-a-derechos-humanos-de-mujeres","status":"publish","type":"post","link":"https:\/\/zonaroja.com.mx\/?p=31576","title":{"rendered":"Promueve Poder Judicial respeto a derechos humanos de mujeres"},"content":{"rendered":"\n<p>Redacci\u00f3n\/Zona Roja.<\/p>\n\n\n\n<p>Oaxaca de Ju\u00e1rez, Oax., 2 de septiembre de 2021.- El Poder Judicial del Estado, a trav\u00e9s de la Direcci\u00f3n de Derechos Humanos y la Unidad de G\u00e9nero del Consejo de la Judicatura, invita este 2 de septiembre a las 11:00 horas a la conferencia magistral virtual \u201cNormatividad Internacional en Materia de Derechos Humanos de las Mujeres\u201d.<\/p>\n\n\n\n<p>Como ponente participar\u00e1 la maestra Anabel L\u00f3pez S\u00e1nchez, directora general para la Promoci\u00f3n de una Vida Libre de Violencia e Impulso a la Participaci\u00f3n Pol\u00edtica, del Instituto Nacional de la Mujeres (Inmujeres).<\/p>\n\n\n\n<p>La transmisi\u00f3n se puede seguir en las redes sociales de la instituci\u00f3n en Facebook Tribunal Superior de Justicia de Oaxaca y Twitter @tsjoaxaca. as\u00ed como de la Direcci\u00f3n de Derechos Humanos @DerechoshumanosPJEO.<\/p>\n\n\n\n<p>Para el Poder Judicial del Estado es prioridad consolidar alianzas y sinergias interinstitucionales con mecanismos que muestren un progreso para las mujeres, reconociendo el papel transformador que tienen en las realidades sociales de los grupos hist\u00f3ricamente discriminados donde, principalmente, resaltan las mujeres ind\u00edgenas y afromexicanas.<\/p>\n\n\n\n<p>La ponente Anabel L\u00f3pez S\u00e1nchez, es maestra en Sociolog\u00eda con Atenci\u00f3n al Desarrollo Regional por la Universidad Aut\u00f3noma \u201cBenito Ju\u00e1rez\u201d de Oaxaca (UABJO); defensora de los derechos humanos de las mujeres y de los pueblos y comunidades ind\u00edgenas. Adem\u00e1s, forma parte de redes y colectivos de mujeres que trabajan por los derechos de este sector de la poblaci\u00f3n.<\/p>\n","protected":false},"excerpt":{"rendered":"<p>Redacci\u00f3n\/Zona Roja. Oaxaca de Ju\u00e1rez, Oax., 2 de septiembre de 2021.- El Poder Judicial del&hellip;<\/p>\n","protected":false},"author":2,"featured_media":14549,"comment_status":"closed","ping_status":"open","sticky":false,"template":"","format":"standard","meta":{"_lmt_disableupdate":"","_lmt_disable":"","_jetpack_memberships_contains_paid_content":false,"footnotes":""},"categories":[109,46],"tags":[1369],"class_list":["post-31576","post","type-post","status-publish","format-standard","has-post-thumbnail","hentry","category-minuto-a-minuto","category-zona-blanca","tag-tribunal-superior-de-justicia-de-oaxacatsejo"],"jetpack_featured_media_url":"https:\/\/zonaroja.com.mx\/wp-content\/uploads\/2020\/07\/01-TRIBUNAL.jpg","jetpack_sharing_enabled":true,"_links":{"self":[{"href":"https:\/\/zonaroja.com.mx\/index.php?rest_route=\/wp\/v2\/posts\/31576","targetHints":{"allow":["GET"]}}],"collection":[{"href":"https:\/\/zonaroja.com.mx\/index.php?rest_route=\/wp\/v2\/posts"}],"about":[{"href":"https:\/\/zonaroja.com.mx\/index.php?rest_route=\/wp\/v2\/types\/post"}],"author":[{"embeddable":true,"href":"https:\/\/zonaroja.com.mx\/index.php?rest_route=\/wp\/v2\/users\/2"}],"replies":[{"embeddable":true,"href":"https:\/\/zonaroja.com.mx\/index.php?rest_route=%2Fwp%2Fv2%2Fcomments&post=31576"}],"version-history":[{"count":1,"href":"https:\/\/zonaroja.com.mx\/index.php?rest_route=\/wp\/v2\/posts\/31576\/revisions"}],"predecessor-version":[{"id":31577,"href":"https:\/\/zonaroja.com.mx\/index.php?rest_route=\/wp\/v2\/posts\/31576\/revisions\/31577"}],"wp:featuredmedia":[{"embeddable":true,"href":"https:\/\/zonaroja.com.mx\/index.php?rest_route=\/wp\/v2\/media\/14549"}],"wp:attachment":[{"href":"https:\/\/zonaroja.com.mx\/index.php?rest_route=%2Fwp%2Fv2%2Fmedia&parent=31576"}],"wp:term":[{"taxonomy":"category","embeddable":true,"href":"https:\/\/zonaroja.com.mx\/index.php?rest_route=%2Fwp%2Fv2%2Fcategories&post=31576"},{"taxonomy":"post_tag","embeddable":true,"href":"https:\/\/zonaroja.com.mx\/index.php?rest_route=%2Fwp%2Fv2%2Ftags&post=31576"}],"curies":[{"name":"wp","href":"https:\/\/api.w.org\/{rel}","templated":true}]}}