{"id":31580,"date":"2021-09-02T08:29:00","date_gmt":"2021-09-02T13:29:00","guid":{"rendered":"http:\/\/www.zonaroja.com.mx\/?p=31580"},"modified":"2021-09-02T08:29:03","modified_gmt":"2021-09-02T13:29:03","slug":"mes-patrio-contribuye-a-la-formacion-civica-en-ninez-y-adolescentes-ieepo","status":"publish","type":"post","link":"https:\/\/zonaroja.com.mx\/?p=31580","title":{"rendered":"Mes patrio contribuye a la formaci\u00f3n c\u00edvica en ni\u00f1ez y adolescentes: IEEPO"},"content":{"rendered":"\n<p>Redacci\u00f3n\/Zona<\/p>\n\n\n\n<p>Oaxaca de Ju\u00e1rez, Oax., 2 de Septiembre de 2021.- En M\u00e9xico. el mes de septiembre es considerado el mes patrio por los acontecimientos hist\u00f3ricos de la Independencia del pa\u00eds.<\/p>\n\n\n\n<p>Por ello, el Instituto Estatal de Educaci\u00f3n P\u00fablica de Oaxaca (IEEPO), invita a madres, padres de familia y tutores a fortalecer desde sus hogares la formaci\u00f3n c\u00edvica de ni\u00f1as, ni\u00f1os y adolescentes, as\u00ed como motivar su amor y respeto por los S\u00edmbolos Patrios.<\/p>\n\n\n\n<p>Ante el inter\u00e9s del gobernador Alejandro Murat Hinojosa de fomentar la cultura c\u00edvica entre la poblaci\u00f3n oaxaque\u00f1a, principalmente las ni\u00f1as, ni\u00f1os y adolescentes de la entidad, el IEEPO que dirige Francisco \u00c1ngel Villarreal, se suma a los actos conmemorativos simb\u00f3licos y as\u00ed&nbsp; prevalezca el esp\u00edritu del fervor patrio, la paz y unidad que nos caracteriza como mexicanos y oaxaque\u00f1os.<\/p>\n\n\n\n<p>Por las recomendaciones y medidas decretadas por las autoridades de salud federal y estatal para disminuir el riesgo de contagios por Covid-19, este a\u00f1o los eventos se realizar\u00e1n de manera simb\u00f3lica en las fechas establecidas.<\/p>\n\n\n\n<p>Dentro de las conmemoraciones de mayor relevancia se encuentran el 15 y 16 de septiembre, siendo de las m\u00e1s emblem\u00e1ticas para este 2021, la del 27 de septiembre en que se festejar\u00e1 el Bicentenario de la Consumaci\u00f3n de la Independencia Nacional, lograda en 1821.<\/p>\n\n\n\n<p>El IEEPO convoca a las familias a rememorar y compartir con sus hijos e hijas la lectura de textos o material de video relacionado con estas fechas hist\u00f3ricas para que prevalezca el esp\u00edritu del fervor patrio, la paz y unidad que caracteriza a mexicanos y oaxaque\u00f1os.<\/p>\n\n\n\n<p>Conocer la historia del pa\u00eds, as\u00ed como estar involucrados en los acontecimientos actuales, dan un sentido de empat\u00eda que alienta a construir un mejor futuro, tener un comportamiento con los deberes de ciudadano, respetar las leyes y contribuir al bienestar de los dem\u00e1s.<\/p>\n\n\n\n<p>El Art\u00edculo 38 de la Ley Org\u00e1nica de la Administraci\u00f3n P\u00fablica Federal y los Art\u00edculos 15, 21, 54 y 55 de la Ley sobre el Escudo, la Bandera y el Himno Nacional, se\u00f1ala que es competencia de la Secretar\u00eda de Educaci\u00f3n P\u00fablica (SEP) y en el caso de la entidad, del IEEPO,&nbsp; fomentar una cultura c\u00edvica entre la poblaci\u00f3n escolar, rendir honores a la Bandera Nacional en los d\u00edas fijados, y dictar las medidas para profundizaci\u00f3n de la ense\u00f1anza de la historia y la significaci\u00f3n de los S\u00edmbolos Patrios.<\/p>\n","protected":false},"excerpt":{"rendered":"<p>Redacci\u00f3n\/Zona Oaxaca de Ju\u00e1rez, Oax., 2 de Septiembre de 2021.- En M\u00e9xico. el mes de&hellip;<\/p>\n","protected":false},"author":2,"featured_media":31581,"comment_status":"closed","ping_status":"open","sticky":false,"template":"","format":"standard","meta":{"_lmt_disableupdate":"","_lmt_disable":"","_jetpack_memberships_contains_paid_content":false,"footnotes":""},"categories":[109,47],"tags":[2837],"class_list":["post-31580","post","type-post","status-publish","format-standard","has-post-thumbnail","hentry","category-minuto-a-minuto","category-zona-gris","tag-instituto-estatal-de-educacion-publica-de-oaxaca-ieepo"],"jetpack_featured_media_url":"https:\/\/zonaroja.com.mx\/wp-content\/uploads\/2021\/09\/01-IEEPO-2.jpg","jetpack_sharing_enabled":true,"_links":{"self":[{"href":"https:\/\/zonaroja.com.mx\/index.php?rest_route=\/wp\/v2\/posts\/31580","targetHints":{"allow":["GET"]}}],"collection":[{"href":"https:\/\/zonaroja.com.mx\/index.php?rest_route=\/wp\/v2\/posts"}],"about":[{"href":"https:\/\/zonaroja.com.mx\/index.php?rest_route=\/wp\/v2\/types\/post"}],"author":[{"embeddable":true,"href":"https:\/\/zonaroja.com.mx\/index.php?rest_route=\/wp\/v2\/users\/2"}],"replies":[{"embeddable":true,"href":"https:\/\/zonaroja.com.mx\/index.php?rest_route=%2Fwp%2Fv2%2Fcomments&post=31580"}],"version-history":[{"count":1,"href":"https:\/\/zonaroja.com.mx\/index.php?rest_route=\/wp\/v2\/posts\/31580\/revisions"}],"predecessor-version":[{"id":31582,"href":"https:\/\/zonaroja.com.mx\/index.php?rest_route=\/wp\/v2\/posts\/31580\/revisions\/31582"}],"wp:featuredmedia":[{"embeddable":true,"href":"https:\/\/zonaroja.com.mx\/index.php?rest_route=\/wp\/v2\/media\/31581"}],"wp:attachment":[{"href":"https:\/\/zonaroja.com.mx\/index.php?rest_route=%2Fwp%2Fv2%2Fmedia&parent=31580"}],"wp:term":[{"taxonomy":"category","embeddable":true,"href":"https:\/\/zonaroja.com.mx\/index.php?rest_route=%2Fwp%2Fv2%2Fcategories&post=31580"},{"taxonomy":"post_tag","embeddable":true,"href":"https:\/\/zonaroja.com.mx\/index.php?rest_route=%2Fwp%2Fv2%2Ftags&post=31580"}],"curies":[{"name":"wp","href":"https:\/\/api.w.org\/{rel}","templated":true}]}}