{"id":31592,"date":"2021-09-02T19:33:56","date_gmt":"2021-09-03T00:33:56","guid":{"rendered":"http:\/\/www.zonaroja.com.mx\/?p=31592"},"modified":"2021-09-02T19:33:59","modified_gmt":"2021-09-03T00:33:59","slug":"confirma-la-fgr-detencion-de-ex-funcionario-del-imss-oaxaca","status":"publish","type":"post","link":"https:\/\/zonaroja.com.mx\/?p=31592","title":{"rendered":"Confirma la FGR detenci\u00f3n de ex funcionario del IMSS Oaxaca"},"content":{"rendered":"\n<p>Redacci\u00f3n\/Zona Roja.<\/p>\n\n\n\n<p>Oaxaca de Ju\u00e1rez, Oax., 2 de septiembre de 2021.- La Fiscal\u00eda General de la Rep\u00fablica (FGR) confirm\u00f3 que elementos de la Polic\u00eda Federal Ministerial en el estado dieron cumplimiento a una orden de aprehensi\u00f3n librada en contra de un ex funcionario p\u00fablico del IMSS, por el probable delito de uso indebido de atribuciones y facultades, previsto en el C\u00f3digo Penal Federal.<\/p>\n\n\n\n<p>Se trata de Severiano Diego S. M., quien se desempe\u00f1ara como titular de la Coordinaci\u00f3n de Abastecimiento y Equipamiento de la delegaci\u00f3n de Instituto Mexicano del Seguro Social en la entidad.<\/p>\n\n\n\n<p>La aprehensi\u00f3n ocurri\u00f3 derivado de la consignaci\u00f3n que realiz\u00f3 el Ministerio P\u00fablico Federal de una averiguaci\u00f3n previa iniciada por denuncia de la apoderada legal de la instituci\u00f3n de salud federal.<\/p>\n\n\n\n<p>La FGR inform\u00f3 que esta persona celebr\u00f3 indebidamente un contrato de adquisici\u00f3n de bienes, con una empresa, por la cantidad de 15 millones 359 mil 176 pesos cuatro centavos, para la adquisici\u00f3n de equipo m\u00e9dico, mobiliario e instrumental para unidades m\u00e9dicas.<\/p>\n\n\n\n<p>\u201cDerivado de esos hechos la instituci\u00f3n de salud sufri\u00f3 una afectaci\u00f3n directa a su patrimonio por el pago efectuado indebidamente por la firma del mencionado contrato de adquisici\u00f3n\u201d, detall\u00f3.<\/p>\n\n\n\n<p>Por lo que inculpado qued\u00f3 a disposici\u00f3n de un Juez de Distrito del Decimotercer Circuito en el Estado de Oaxaca, quien determinara dentro del plazo de ley su situaci\u00f3n jur\u00eddica.<\/p>\n\n\n\n<p>En contra de Severiano Diego existe la causa penal PGR\/OAX\/OAX\/<\/p>\n\n\n\n<p>II\/1897B\/2017 1\/2020, donde se cita que dej\u00f3 de actuar conforme a las funciones que indica el Manual de Organizaci\u00f3n de la Jefatura de Servicios Administrativos, clave 1000-002-006.<\/p>\n\n\n\n<p>As\u00ed mismo, el 30 de octubre de 2015, se present\u00f3 una denuncia ante la Fiscal\u00eda General de la Rep\u00fablica Delegaci\u00f3n Oaxaca, por los hechos ocurridos durante el per\u00edodo de adquisici\u00f3n de bienes del ejercicio 2013-2014, luego de diversos<\/p>\n\n\n\n<p>contratos celebrados con Katra Internacional, S.A.<\/p>\n\n\n\n<p>De manera ilegal, Severiano Diego S. M., autoriz\u00f3 la reducci\u00f3n del plazo de la licitaci\u00f3n con el argumento de que los bienes \u201c\u2026resultan indispensables para la adecuada prestaci\u00f3n de los servicios en las unidades m\u00e9dicas de esta delegaci\u00f3n, lo que hace necesario llevar a cabo la licitaci\u00f3n con reducci\u00f3n de plazos legalmente establecidos, para garantizar la contrataci\u00f3n de dichos bienes y contar con la disponibilidad del mobiliario y equipo m\u00e9dico menor para la apropiada atenci\u00f3n a los derechohabientes del Instituto\u2026\u201d<\/p>\n\n\n\n<p>El Juez de Distrito correspondiente neg\u00f3 la orden de aprehensi\u00f3n en fecha 10 de junio de 2021; determinaci\u00f3n que fue impugnada a trav\u00e9s de recuro de apelaci\u00f3n en efecto devolutivo, por la cual se present\u00f3 agravios el 02 de julio de 2021.<\/p>\n\n\n\n<p>De la apelaci\u00f3n conoci\u00f3 el segundo Tribunal Unitario en el estado, form\u00e1ndose la toca penal 65\/2021, mismo que fue resuelto a trav\u00e9s de resoluci\u00f3n de 30 de agosto de 2021, en la que la se libr\u00f3 orden de aprehensi\u00f3n.<\/p>\n","protected":false},"excerpt":{"rendered":"<p>Redacci\u00f3n\/Zona Roja. Oaxaca de Ju\u00e1rez, Oax., 2 de septiembre de 2021.- La Fiscal\u00eda General de&hellip;<\/p>\n","protected":false},"author":2,"featured_media":31593,"comment_status":"closed","ping_status":"open","sticky":false,"template":"","format":"standard","meta":{"_lmt_disableupdate":"","_lmt_disable":"","_jetpack_memberships_contains_paid_content":false,"footnotes":""},"categories":[109,47],"tags":[],"class_list":["post-31592","post","type-post","status-publish","format-standard","has-post-thumbnail","hentry","category-minuto-a-minuto","category-zona-gris"],"jetpack_featured_media_url":"https:\/\/zonaroja.com.mx\/wp-content\/uploads\/2021\/09\/Severiano-Diego-S.-M.-IMSS.jpg","jetpack_sharing_enabled":true,"_links":{"self":[{"href":"https:\/\/zonaroja.com.mx\/index.php?rest_route=\/wp\/v2\/posts\/31592","targetHints":{"allow":["GET"]}}],"collection":[{"href":"https:\/\/zonaroja.com.mx\/index.php?rest_route=\/wp\/v2\/posts"}],"about":[{"href":"https:\/\/zonaroja.com.mx\/index.php?rest_route=\/wp\/v2\/types\/post"}],"author":[{"embeddable":true,"href":"https:\/\/zonaroja.com.mx\/index.php?rest_route=\/wp\/v2\/users\/2"}],"replies":[{"embeddable":true,"href":"https:\/\/zonaroja.com.mx\/index.php?rest_route=%2Fwp%2Fv2%2Fcomments&post=31592"}],"version-history":[{"count":1,"href":"https:\/\/zonaroja.com.mx\/index.php?rest_route=\/wp\/v2\/posts\/31592\/revisions"}],"predecessor-version":[{"id":31594,"href":"https:\/\/zonaroja.com.mx\/index.php?rest_route=\/wp\/v2\/posts\/31592\/revisions\/31594"}],"wp:featuredmedia":[{"embeddable":true,"href":"https:\/\/zonaroja.com.mx\/index.php?rest_route=\/wp\/v2\/media\/31593"}],"wp:attachment":[{"href":"https:\/\/zonaroja.com.mx\/index.php?rest_route=%2Fwp%2Fv2%2Fmedia&parent=31592"}],"wp:term":[{"taxonomy":"category","embeddable":true,"href":"https:\/\/zonaroja.com.mx\/index.php?rest_route=%2Fwp%2Fv2%2Fcategories&post=31592"},{"taxonomy":"post_tag","embeddable":true,"href":"https:\/\/zonaroja.com.mx\/index.php?rest_route=%2Fwp%2Fv2%2Ftags&post=31592"}],"curies":[{"name":"wp","href":"https:\/\/api.w.org\/{rel}","templated":true}]}}