{"id":31595,"date":"2021-09-02T21:25:04","date_gmt":"2021-09-03T02:25:04","guid":{"rendered":"http:\/\/www.zonaroja.com.mx\/?p=31595"},"modified":"2021-09-02T21:25:07","modified_gmt":"2021-09-03T02:25:07","slug":"investigan-a-seis-magistrados-de-oaxaca-confirma-la-fgr","status":"publish","type":"post","link":"https:\/\/zonaroja.com.mx\/?p=31595","title":{"rendered":"Investigan a seis magistrados de Oaxaca, confirma la FGR"},"content":{"rendered":"\n<p>Redacci\u00f3n\/Zona Roja.<\/p>\n\n\n\n<p>Oaxaca de Ju\u00e1rez, Oax., 2 de septiembre de 2021.- La delegaci\u00f3n Oaxaca de la Fiscal\u00eda General de la Rep\u00fablica confirm\u00f3 que seis magistrados del Poder Judicial de Oaxaca tienen una investigaci\u00f3n en su contra.<\/p>\n\n\n\n<p>Se trata de Ana Mireya Santos L\u00f3pez, Luis Enrique Cordero Aguilar, Camerino Patricio Dolores Sierra, Ren\u00e9 Hern\u00e1ndez Reyes, Narciso Abel Alvarado V\u00e1squez y Tito Ram\u00edrez Gonz\u00e1lez.<\/p>\n\n\n\n<p>As\u00ed lo detall\u00f3 la instituci\u00f3n federal a trav\u00e9s del oficio DEO\/4368\/2021, en que respondi\u00f3 la solicitud de la diputada priista Lilia Mendoza Cruz, integrante de la Comisi\u00f3n Permanente de Administraci\u00f3n y Procuraci\u00f3n de Justicia.<\/p>\n\n\n\n<p>\u201cA este respecto, me permito informar que en fecha 18 de agosto de 2021, en la C\u00e9lula 3, Equipo de Investigaci\u00f3n y Litigaci\u00f3n 1 en Oaxaca, se inici\u00f3 la Carpeta de Investigaci\u00f3n FED\/OAX\/OAX\/0001351\/2021, misma que actualmente se encuentra en tr\u00e1mite\u201d, refiere en el oficio con fecha 31 de agosto del presente a\u00f1o, firmado por Jaime Porfirio Garc\u00eda Abello.<\/p>\n\n\n\n<p>A\u00f1ade que en lo que respecta a las copias solicitadas (de la indagatoria), argument\u00f3 que no es posible responder favorablemente a la petici\u00f3n, por la reserva del caso.<\/p>\n\n\n\n<p>Una respuesta similar dio, tambi\u00e9n mediante oficio pero con n\u00famero DEO\/4367\/2021, a la diputada por Morena, Elisa Zepeda Lagunas, presidenta de la Comisi\u00f3n Permanente de Administraci\u00f3n y Procuraci\u00f3n de Justicia, quien requiri\u00f3 informaci\u00f3n al respecto.<\/p>\n\n\n\n<p>La solicitud de las integrantes de la 64 Legislatura del Congreso del Estado se da en el marco del proceso de renovaci\u00f3n de magistraturas.<\/p>\n\n\n\n<p>En el caso de los seis magistrados citados, ya feneci\u00f3 su cargo pero presuntamente se niegan a dejar la vacante, para que se inicie un proceso de sustituci\u00f3n, por lo cual interpusieron un amparo a fin de no ser removidos.<\/p>\n\n\n\n<p>De acuerdo con fuentes del Poder Judicial estatal, los magistrados forman parte del grupo beneficiado por Alfredo Lagunas Rivera, en su periodo de presidente de dicho \u00f3rgano, durante el sexenio de Gabino Cu\u00e9 Monteagudo.<\/p>\n\n\n\n<p>La denuncia ante la FGR ser\u00eda por buscar ventaja procesal para seguir en el cargo de magistrados.<\/p>\n","protected":false},"excerpt":{"rendered":"<p>Redacci\u00f3n\/Zona Roja. Oaxaca de Ju\u00e1rez, Oax., 2 de septiembre de 2021.- La delegaci\u00f3n Oaxaca de&hellip;<\/p>\n","protected":false},"author":2,"featured_media":31596,"comment_status":"closed","ping_status":"open","sticky":false,"template":"","format":"standard","meta":{"_lmt_disableupdate":"","_lmt_disable":"","_jetpack_memberships_contains_paid_content":false,"footnotes":""},"categories":[109,47],"tags":[223],"class_list":["post-31595","post","type-post","status-publish","format-standard","has-post-thumbnail","hentry","category-minuto-a-minuto","category-zona-gris","tag-poder-judicial-de-oaxaca"],"jetpack_featured_media_url":"https:\/\/zonaroja.com.mx\/wp-content\/uploads\/2021\/09\/Oficios-FGR-caso-magistrados.jpg","jetpack_sharing_enabled":true,"_links":{"self":[{"href":"https:\/\/zonaroja.com.mx\/index.php?rest_route=\/wp\/v2\/posts\/31595","targetHints":{"allow":["GET"]}}],"collection":[{"href":"https:\/\/zonaroja.com.mx\/index.php?rest_route=\/wp\/v2\/posts"}],"about":[{"href":"https:\/\/zonaroja.com.mx\/index.php?rest_route=\/wp\/v2\/types\/post"}],"author":[{"embeddable":true,"href":"https:\/\/zonaroja.com.mx\/index.php?rest_route=\/wp\/v2\/users\/2"}],"replies":[{"embeddable":true,"href":"https:\/\/zonaroja.com.mx\/index.php?rest_route=%2Fwp%2Fv2%2Fcomments&post=31595"}],"version-history":[{"count":1,"href":"https:\/\/zonaroja.com.mx\/index.php?rest_route=\/wp\/v2\/posts\/31595\/revisions"}],"predecessor-version":[{"id":31597,"href":"https:\/\/zonaroja.com.mx\/index.php?rest_route=\/wp\/v2\/posts\/31595\/revisions\/31597"}],"wp:featuredmedia":[{"embeddable":true,"href":"https:\/\/zonaroja.com.mx\/index.php?rest_route=\/wp\/v2\/media\/31596"}],"wp:attachment":[{"href":"https:\/\/zonaroja.com.mx\/index.php?rest_route=%2Fwp%2Fv2%2Fmedia&parent=31595"}],"wp:term":[{"taxonomy":"category","embeddable":true,"href":"https:\/\/zonaroja.com.mx\/index.php?rest_route=%2Fwp%2Fv2%2Fcategories&post=31595"},{"taxonomy":"post_tag","embeddable":true,"href":"https:\/\/zonaroja.com.mx\/index.php?rest_route=%2Fwp%2Fv2%2Ftags&post=31595"}],"curies":[{"name":"wp","href":"https:\/\/api.w.org\/{rel}","templated":true}]}}