{"id":31604,"date":"2021-09-03T07:54:27","date_gmt":"2021-09-03T12:54:27","guid":{"rendered":"http:\/\/www.zonaroja.com.mx\/?p=31604"},"modified":"2021-09-03T07:54:30","modified_gmt":"2021-09-03T12:54:30","slug":"fomentan-entre-estudiantes-de-nivel-basico-el-respeto-por-el-medio-ambiente","status":"publish","type":"post","link":"https:\/\/zonaroja.com.mx\/?p=31604","title":{"rendered":"Fomentan entre estudiantes de nivel b\u00e1sico el respeto por el medio ambiente"},"content":{"rendered":"\n<p>Redacci\u00f3n\/Zona Roja.<\/p>\n\n\n\n<p>Oaxaca de Ju\u00e1rez, Oax., 3 de septiembre de 2021.- En las acciones que fomenten en las ni\u00f1as, ni\u00f1os, adolescentes y j\u00f3venes el amor, respeto y cuidado de la naturaleza, el Instituto Estatal de Educaci\u00f3n P\u00fablica de Oaxaca (IEEPO) se sum\u00f3 al Programa Nacional \u201cRegresa a clases con un \u00e1rbol\u201d, impulsado a nivel nacional, por la Secretar\u00eda de Educaci\u00f3n P\u00fablica (SEP) y la Secretar\u00eda de Medio Ambiente y Recursos Naturales (Semarnat).<\/p>\n\n\n\n<p>Como lo ha instruido el gobernador Alejandro Murat Hinojosa y el director general del Instituto, Francisco \u00c1ngel Villarreal, en la entidad resultado de la suma de esfuerzos con diferentes instituciones y la iniciativa privada, se promueve este tema entre las y los alumnos de educaci\u00f3n b\u00e1sica con el fin de crear en ellos una cultura de conciencia y responsabilidad.<\/p>\n\n\n\n<p>En el marco de las actividades del inicio del Ciclo Escolar 2021-2022, se puso en marcha la estrategia que tambi\u00e9n tiene como objetivo contribuir al fomento de la solidaridad, servicio, respeto, compromiso y nexos de cooperaci\u00f3n entre docentes y estudiantes que ayuden a mitigar los efectos del cambio clim\u00e1tico.<\/p>\n\n\n\n<p>\u201cRegresa a clases con un \u00e1rbol\u201d fortalece tambi\u00e9n la educaci\u00f3n y conciencia ambientales, as\u00ed como los conocimientos para comprender mejor la relaci\u00f3n entre la sociedad y la naturaleza, donde cobra importancia preservar la estabilidad de los ecosistemas por medio de la forestaci\u00f3n con \u00e1rboles que sean de especies nativas del lugar donde se plantar\u00e1n.<\/p>\n\n\n\n<p>En este sentido, la Semarnat y la SEP firmaron en abril de este a\u00f1o un convenio de colaboraci\u00f3n para impulsar acciones de educaci\u00f3n ambiental en los niveles de educaci\u00f3n b\u00e1sica, media superior y superior del pa\u00eds, a fin de fomentar una cultura de la sostenibilidad, en la cual se adhiri\u00f3 el IEEPO.<\/p>\n\n\n\n<p>El programa considera tambi\u00e9n la realizaci\u00f3n \u201cD\u00edas conmemorativos ambientales\u201d, como el D\u00eda Nacional del Ma\u00edz y el D\u00eda Nacional de la Conservaci\u00f3n, que aporten a la reflexi\u00f3n en las comunidades educativas y refuercen los lazos de identidad nacional y comunitaria.<\/p>\n\n\n\n<p>En Oaxaca, diferentes escuelas en donde la comunidad escolar eligi\u00f3 la modalidad semipresencial bajo estrictos controles sanitarios, se realiz\u00f3 la siembra de los primeros arbolitos que recibir\u00e1n los cuidados para su crecimiento.<\/p>\n","protected":false},"excerpt":{"rendered":"<p>Redacci\u00f3n\/Zona Roja. Oaxaca de Ju\u00e1rez, Oax., 3 de septiembre de 2021.- En las acciones que&hellip;<\/p>\n","protected":false},"author":2,"featured_media":31605,"comment_status":"closed","ping_status":"open","sticky":false,"template":"","format":"standard","meta":{"_lmt_disableupdate":"","_lmt_disable":"","_jetpack_memberships_contains_paid_content":false,"footnotes":""},"categories":[109,46],"tags":[2837],"class_list":["post-31604","post","type-post","status-publish","format-standard","has-post-thumbnail","hentry","category-minuto-a-minuto","category-zona-blanca","tag-instituto-estatal-de-educacion-publica-de-oaxaca-ieepo"],"jetpack_featured_media_url":"https:\/\/zonaroja.com.mx\/wp-content\/uploads\/2021\/09\/02-IEEPO-1.jpg","jetpack_sharing_enabled":true,"_links":{"self":[{"href":"https:\/\/zonaroja.com.mx\/index.php?rest_route=\/wp\/v2\/posts\/31604","targetHints":{"allow":["GET"]}}],"collection":[{"href":"https:\/\/zonaroja.com.mx\/index.php?rest_route=\/wp\/v2\/posts"}],"about":[{"href":"https:\/\/zonaroja.com.mx\/index.php?rest_route=\/wp\/v2\/types\/post"}],"author":[{"embeddable":true,"href":"https:\/\/zonaroja.com.mx\/index.php?rest_route=\/wp\/v2\/users\/2"}],"replies":[{"embeddable":true,"href":"https:\/\/zonaroja.com.mx\/index.php?rest_route=%2Fwp%2Fv2%2Fcomments&post=31604"}],"version-history":[{"count":1,"href":"https:\/\/zonaroja.com.mx\/index.php?rest_route=\/wp\/v2\/posts\/31604\/revisions"}],"predecessor-version":[{"id":31606,"href":"https:\/\/zonaroja.com.mx\/index.php?rest_route=\/wp\/v2\/posts\/31604\/revisions\/31606"}],"wp:featuredmedia":[{"embeddable":true,"href":"https:\/\/zonaroja.com.mx\/index.php?rest_route=\/wp\/v2\/media\/31605"}],"wp:attachment":[{"href":"https:\/\/zonaroja.com.mx\/index.php?rest_route=%2Fwp%2Fv2%2Fmedia&parent=31604"}],"wp:term":[{"taxonomy":"category","embeddable":true,"href":"https:\/\/zonaroja.com.mx\/index.php?rest_route=%2Fwp%2Fv2%2Fcategories&post=31604"},{"taxonomy":"post_tag","embeddable":true,"href":"https:\/\/zonaroja.com.mx\/index.php?rest_route=%2Fwp%2Fv2%2Ftags&post=31604"}],"curies":[{"name":"wp","href":"https:\/\/api.w.org\/{rel}","templated":true}]}}