{"id":31607,"date":"2021-09-03T08:05:16","date_gmt":"2021-09-03T13:05:16","guid":{"rendered":"http:\/\/www.zonaroja.com.mx\/?p=31607"},"modified":"2021-09-03T08:11:15","modified_gmt":"2021-09-03T13:11:15","slug":"alcanza-mexico-21-medallas-en-paralimpiada-tokyo-2020-6-de-oro","status":"publish","type":"post","link":"https:\/\/zonaroja.com.mx\/?p=31607","title":{"rendered":"Alcanza M\u00e9xico 21 medallas en Paralimpiada Tokyo 2020; 7 de oro"},"content":{"rendered":"\n<p>Redacci\u00f3n\/Zona Roja Cdmx.<\/p>\n\n\n\n<p>Ciudad de M\u00e9xico, 3 de septiembre de 2021.- El mexicano Juan Diego Garc\u00eda conquist\u00f3 este viernes la medalla de oro en la competencia de Tae kwon do, en la Paralimpiada Tokyo 2020.<\/p>\n\n\n\n<p>De acuerdo con la Comisi\u00f3n Nacional del Deporte (Conade) con \u00e9sta, suman 21 preseas las que ha conquistado la naci\u00f3n mexicana, de las cuales siete son de oro; con ello iguala la cifra de medallas cosechadas en la Paralimpiada de Londres 2012.<\/p>\n\n\n\n<p>Horas antes, con tiempos de 3:23.57 y 3:23.93, Diego L\u00f3pez y Jes\u00fas Hern\u00e1ndez lograron colgarse las medallas de plata y bronce en la competencia de nataci\u00f3n en 200 metros libres.<\/p>\n\n\n\n<p>Y momentos antes de ello, la bandera mexicana se hizo presente en los Juegos Paral\u00edmpicos de Tokio 2020 gracias al buen desempe\u00f1o que mostr\u00f3 el joven de 16 a\u00f1os, \u00c1ngel de Jes\u00fas Camacho, quien obtuvo una medalla de bronce en los 50 metros dorso S4.<\/p>\n\n\n\n<p>En el d\u00e9cimo d\u00eda de actividades de los Juegos Paral\u00edmpicos Tokio 2020, la justa deportiva es liderada por China con un total de 178 medallas obtenidas; el segundo lugar es ocupado por Reino Unido con 106 preseas ganadas por sus atletas.<\/p>\n\n\n\n<p>El tercer puesto de la clasificaci\u00f3n lo tiene el Comit\u00e9 Paral\u00edmpico Ruso con 104 preseas; le sigue Estados Unidos con 88 y Ucrania con 93.<\/p>\n\n\n\n<p>M\u00e9xico suma 21 medallas lo que le permite ubicarse en la posici\u00f3n n\u00famero 19 con siete oros.<\/p>\n","protected":false},"excerpt":{"rendered":"<p>Redacci\u00f3n\/Zona Roja Cdmx. Ciudad de M\u00e9xico, 3 de septiembre de 2021.- El mexicano Juan Diego&hellip;<\/p>\n","protected":false},"author":2,"featured_media":31608,"comment_status":"closed","ping_status":"open","sticky":false,"template":"","format":"standard","meta":{"_lmt_disableupdate":"","_lmt_disable":"","_jetpack_memberships_contains_paid_content":false,"footnotes":""},"categories":[109,46],"tags":[2873],"class_list":["post-31607","post","type-post","status-publish","format-standard","has-post-thumbnail","hentry","category-minuto-a-minuto","category-zona-blanca","tag-paralimpiada-tokyo-2020"],"jetpack_featured_media_url":"https:\/\/zonaroja.com.mx\/wp-content\/uploads\/2021\/09\/Paralimpicos-Tokyo.jpg","jetpack_sharing_enabled":true,"_links":{"self":[{"href":"https:\/\/zonaroja.com.mx\/index.php?rest_route=\/wp\/v2\/posts\/31607","targetHints":{"allow":["GET"]}}],"collection":[{"href":"https:\/\/zonaroja.com.mx\/index.php?rest_route=\/wp\/v2\/posts"}],"about":[{"href":"https:\/\/zonaroja.com.mx\/index.php?rest_route=\/wp\/v2\/types\/post"}],"author":[{"embeddable":true,"href":"https:\/\/zonaroja.com.mx\/index.php?rest_route=\/wp\/v2\/users\/2"}],"replies":[{"embeddable":true,"href":"https:\/\/zonaroja.com.mx\/index.php?rest_route=%2Fwp%2Fv2%2Fcomments&post=31607"}],"version-history":[{"count":3,"href":"https:\/\/zonaroja.com.mx\/index.php?rest_route=\/wp\/v2\/posts\/31607\/revisions"}],"predecessor-version":[{"id":31611,"href":"https:\/\/zonaroja.com.mx\/index.php?rest_route=\/wp\/v2\/posts\/31607\/revisions\/31611"}],"wp:featuredmedia":[{"embeddable":true,"href":"https:\/\/zonaroja.com.mx\/index.php?rest_route=\/wp\/v2\/media\/31608"}],"wp:attachment":[{"href":"https:\/\/zonaroja.com.mx\/index.php?rest_route=%2Fwp%2Fv2%2Fmedia&parent=31607"}],"wp:term":[{"taxonomy":"category","embeddable":true,"href":"https:\/\/zonaroja.com.mx\/index.php?rest_route=%2Fwp%2Fv2%2Fcategories&post=31607"},{"taxonomy":"post_tag","embeddable":true,"href":"https:\/\/zonaroja.com.mx\/index.php?rest_route=%2Fwp%2Fv2%2Ftags&post=31607"}],"curies":[{"name":"wp","href":"https:\/\/api.w.org\/{rel}","templated":true}]}}