{"id":3161,"date":"2019-08-17T19:43:43","date_gmt":"2019-08-18T00:43:43","guid":{"rendered":"http:\/\/www.zonaroja.com.mx\/?p=3161"},"modified":"2019-08-17T19:43:45","modified_gmt":"2019-08-18T00:43:45","slug":"por-indolencia-de-gobierno-estatal-retienen-a-amlo-en-ayutla","status":"publish","type":"post","link":"https:\/\/zonaroja.com.mx\/?p=3161","title":{"rendered":"Por indolencia de gobierno estatal, retienen a AMLO en Ayutla"},"content":{"rendered":"\n<p>Redacci\u00f3n\/Zona\nRoja.<\/p>\n\n\n\n<p>Oaxaca de\nJu\u00e1rez, Oax., 17 de agosto de 2019.- \u201c\u00a1Gracias a la ineptitud del Gobierno del\nEstado tenemos que tomar este tipo de acciones! \u00a1Presidente, lo \u00fanico que queremos\nque resuelvan el problema! \u00a1El Gobierno del Estado no tiene la capacidad!\n\u00a1Dialogar con la se\u00f1ora Olga Cordero, es lo \u00fanico que queremos!\u201d.<\/p>\n\n\n\n<p>Con gritos,\nreclamos y pancartas, un grupo de pobladores de San Pedro y San Pablo Ayutla\nMixe retuvo hoy por la tarde al Presidente de M\u00e9xico, Andr\u00e9s Manuel L\u00f3pez\nObrador, quien hab\u00eda acudido a una gira de trabajo a San Ildefonso Villa Alta.<\/p>\n\n\n\n<p>Al mandatario mexicano le reclamaron la desidia del gobierno de Oaxaca y la nula procuraci\u00f3n de justicia por el caso de una persona asesinada y cuatro mujeres retenidas, adem\u00e1s de no contar con agua potable desde hace m\u00e1s de dos a\u00f1os, por el conflicto agrario con Tamazul\u00e1pam del Esp\u00edritu Santo<\/p>\n\n\n\n<figure class=\"wp-block-embed-twitter wp-block-embed is-type-rich is-provider-twitter\"><div class=\"wp-block-embed__wrapper\">\n<div class=\"twitter-tweet\"><blockquote class=\"twitter-tweet\" data-lang=\"es\"><p lang=\"es\" dir=\"ltr\"><a href=\"https:\/\/twitter.com\/hashtag\/OaxacaRojo?src=hash&amp;ref_src=twsrc%5Etfw\">#OaxacaRojo<\/a><br>Urgente.Pobladores de San Pedro y San Pablo Ayutla Mixe retienen al presidente <a href=\"https:\/\/twitter.com\/lopezobrador_?ref_src=twsrc%5Etfw\">@lopezobrador_<\/a> y le exige resolver problema del agua y conflicto agrario con Tamazul\u00e1pam; acusan de indolente al gobernador <a href=\"https:\/\/twitter.com\/alejandromurat?ref_src=twsrc%5Etfw\">@alejandromurat<\/a> por no atender el tema. <a href=\"https:\/\/twitter.com\/julioastillero?ref_src=twsrc%5Etfw\">@julioastillero<\/a> <a href=\"https:\/\/twitter.com\/Tomas7J?ref_src=twsrc%5Etfw\">@Tomas7J<\/a> <a href=\"https:\/\/t.co\/FMt9j8s2Kd\">pic.twitter.com\/FMt9j8s2Kd<\/a><\/p>&mdash; Zona Roja Oaxaca (@MexRoja) <a href=\"https:\/\/twitter.com\/MexRoja\/status\/1162867246751834112?ref_src=twsrc%5Etfw\">17 de agosto de 2019<\/a><\/blockquote><\/div>\n<\/div><\/figure>\n\n\n\n<p>&#8211;Yo les\nofrezco intervenir de inmediato para no molestar al Presidente \u2013intent\u00f3 mediar\nMurat.<\/p>\n\n\n\n<p>&#8211;Nos\ncondicionan la reconexi\u00f3n del agua a que cedamos las tierras que nos han\nquitado\u2026 Cuatro mujeres secuestradas\u2026<\/p>\n\n\n\n<p>&#8211;Ya\nquedamos ya con el gobernador, \u00e9l lo va a hacer, yo se lo voy a pedir.<\/p>\n\n\n\n<p>&#8211;No, no, es\nque ya nos lo ha dicho; pedimos que est\u00e9 Olga S\u00e1nchez Cordero, que resuelvan\nya.<\/p>\n\n\n\n<p>&#8211;A ver. Va a venir el gobernador, si no se resuelve, entonces le voy a pedir a Olga S\u00e1nchez Cordero que atienda.<\/p>\n\n\n\n<p>&#8211;\u00a1Confiamos en usted se\u00f1or Presidente!<\/p>\n\n\n\n<p>Por cerca de\nuna hora, impidieron el tr\u00e1nsito de las caravana de veh\u00edculos de L\u00f3pez Obrador,\nel gobernador Alejandro Murat Hinojosa, y dem\u00e1s equipo de trabajo; incluso los\nhabitantes de Ayutla amagaron con no permitirles la salida si no acud\u00edan al\npalacio municipal a entablar de inmediato una mesa de trabajo.<\/p>\n\n\n\n<p>De acuerdo\ncon las fuentes, el Presidente de M\u00e9xico llam\u00f3 la atenci\u00f3n al mandatario Murat\npor no atender a tiempo la problem\u00e1tica<\/p>\n\n\n\n<p>Tras el\nintercambio de palabras y el compromiso de L\u00f3pez Obrador que desde la\nSecretar\u00eda de Gobernaci\u00f3n se mediar\u00eda para retomar y buscar resolver el\nproblema, se les permiti\u00f3 regresar a la ciudad de Oaxaca.<\/p>\n\n\n\n<p>El titular del Ejecutivo federal se encuentra desde ayer en la entidad; anoche encabez\u00f3 un acto en Huautla de Jim\u00e9nez, donde tambi\u00e9n fue recibido con reclamos por nula justicia e inseguridad. Ma\u00f1ana acude a Miahuatl\u00e1n de Porfirio D\u00edaz y Tlacolula de Matamoros.<\/p>\n\n\n\n<figure class=\"wp-block-image\"><img decoding=\"async\" width=\"1024\" height=\"768\" src=\"http:\/\/www.zonaroja.com.mx\/wp-content\/uploads\/2019\/08\/b00632f9-bc4a-4f21-8346-14f5720b1246-1024x768.jpg\" alt=\"\" class=\"wp-image-3162\" srcset=\"https:\/\/zonaroja.com.mx\/wp-content\/uploads\/2019\/08\/b00632f9-bc4a-4f21-8346-14f5720b1246-1024x768.jpg 1024w, https:\/\/zonaroja.com.mx\/wp-content\/uploads\/2019\/08\/b00632f9-bc4a-4f21-8346-14f5720b1246-300x225.jpg 300w, https:\/\/zonaroja.com.mx\/wp-content\/uploads\/2019\/08\/b00632f9-bc4a-4f21-8346-14f5720b1246-768x576.jpg 768w, https:\/\/zonaroja.com.mx\/wp-content\/uploads\/2019\/08\/b00632f9-bc4a-4f21-8346-14f5720b1246-585x439.jpg 585w, https:\/\/zonaroja.com.mx\/wp-content\/uploads\/2019\/08\/b00632f9-bc4a-4f21-8346-14f5720b1246.jpg 1152w\" sizes=\"(max-width: 1024px) 100vw, 1024px\" \/><\/figure>\n","protected":false},"excerpt":{"rendered":"<p>Redacci\u00f3n\/Zona Roja. Oaxaca de Ju\u00e1rez, Oax., 17 de agosto de 2019.- \u201c\u00a1Gracias a la ineptitud&hellip;<\/p>\n","protected":false},"author":2,"featured_media":3163,"comment_status":"closed","ping_status":"open","sticky":false,"template":"","format":"standard","meta":{"_lmt_disableupdate":"","_lmt_disable":"","_jetpack_memberships_contains_paid_content":false,"footnotes":""},"categories":[1],"tags":[],"class_list":["post-3161","post","type-post","status-publish","format-standard","has-post-thumbnail","hentry","category-sin-categoria"],"jetpack_featured_media_url":"https:\/\/zonaroja.com.mx\/wp-content\/uploads\/2019\/08\/b7437838-25e9-4966-9b75-0edb839df508.jpg","jetpack_sharing_enabled":true,"_links":{"self":[{"href":"https:\/\/zonaroja.com.mx\/index.php?rest_route=\/wp\/v2\/posts\/3161","targetHints":{"allow":["GET"]}}],"collection":[{"href":"https:\/\/zonaroja.com.mx\/index.php?rest_route=\/wp\/v2\/posts"}],"about":[{"href":"https:\/\/zonaroja.com.mx\/index.php?rest_route=\/wp\/v2\/types\/post"}],"author":[{"embeddable":true,"href":"https:\/\/zonaroja.com.mx\/index.php?rest_route=\/wp\/v2\/users\/2"}],"replies":[{"embeddable":true,"href":"https:\/\/zonaroja.com.mx\/index.php?rest_route=%2Fwp%2Fv2%2Fcomments&post=3161"}],"version-history":[{"count":1,"href":"https:\/\/zonaroja.com.mx\/index.php?rest_route=\/wp\/v2\/posts\/3161\/revisions"}],"predecessor-version":[{"id":3164,"href":"https:\/\/zonaroja.com.mx\/index.php?rest_route=\/wp\/v2\/posts\/3161\/revisions\/3164"}],"wp:featuredmedia":[{"embeddable":true,"href":"https:\/\/zonaroja.com.mx\/index.php?rest_route=\/wp\/v2\/media\/3163"}],"wp:attachment":[{"href":"https:\/\/zonaroja.com.mx\/index.php?rest_route=%2Fwp%2Fv2%2Fmedia&parent=3161"}],"wp:term":[{"taxonomy":"category","embeddable":true,"href":"https:\/\/zonaroja.com.mx\/index.php?rest_route=%2Fwp%2Fv2%2Fcategories&post=3161"},{"taxonomy":"post_tag","embeddable":true,"href":"https:\/\/zonaroja.com.mx\/index.php?rest_route=%2Fwp%2Fv2%2Ftags&post=3161"}],"curies":[{"name":"wp","href":"https:\/\/api.w.org\/{rel}","templated":true}]}}