{"id":31612,"date":"2021-09-03T08:42:58","date_gmt":"2021-09-03T13:42:58","guid":{"rendered":"http:\/\/www.zonaroja.com.mx\/?p=31612"},"modified":"2021-09-03T08:43:01","modified_gmt":"2021-09-03T13:43:01","slug":"asesinan-a-individuo-en-comaltepec-muere-baleado-en-miahuatlan","status":"publish","type":"post","link":"https:\/\/zonaroja.com.mx\/?p=31612","title":{"rendered":"Asesinan a individuo en Comaltepec; muere baleado en Miahuatl\u00e1n"},"content":{"rendered":"\n<p>Redacci\u00f3n\/Zona Roja.<\/p>\n\n\n\n<p>Oaxaca de Ju\u00e1rez, Oax., 3 de septiembre de 2021.- Una persona del sexo masculino fue asesinada anoche en Santa Elena Comaltepec, agencia de San Pedro Pochutla, Oaxaca.<\/p>\n\n\n\n<p>El crimen se perpetr\u00f3 alrededor de las 19:30 horas en el barrio La Guadalupe, donde sujetos armados atacaron a balazos a Gaudencio H. R., de 42 a\u00f1os de edad, quien perdi\u00f3 la vida al instante.<\/p>\n\n\n\n<p>Sus familiares lo identificaron e indicaron que tuvo su domicilio en la localidad de San Bernardo Tonameca; hasta ahora no hay pistas de los probables autores del crimen.<\/p>\n\n\n\n<p>Mientras tanto, en un hospital privado de la ciudad de Oaxaca muri\u00f3 ayer un individuo atacado a balazos en inmediaciones de Miahuatl\u00e1n de Porfirio D\u00edaz.<\/p>\n\n\n\n<p>Se trata de Bernardo C. M., de 42 a\u00f1os de edad, quien fue agredido el pasado martes 31 de agosto cuando conduc\u00eda su unidad de motor en la carretera federal 175, en Miahuatl\u00e1n.<\/p>\n\n\n\n<p>Recibi\u00f3 cuatro impactos de arma de fuego y por lo cual perdi\u00f3 el control del veh\u00edculo en el puente \u201cSan Ignacio\u201d, impact\u00e1ndose contra una vivienda.<\/p>\n\n\n\n<p>El hombre fue auxiliado en la unidad de motor marca Nissan que es utilizada para transporte a la comunidad de San Marcial Ozolotepec y trasladado al hospital del Instituto Mexicano del Seguro Social.<\/p>\n\n\n\n<p>Por la gravedad de las lesiones, fue trasladado a un hospital privado de la ciudad capital., donde dej\u00f3 de existir.<\/p>\n","protected":false},"excerpt":{"rendered":"<p>Redacci\u00f3n\/Zona Roja. Oaxaca de Ju\u00e1rez, Oax., 3 de septiembre de 2021.- Una persona del sexo&hellip;<\/p>\n","protected":false},"author":2,"featured_media":31613,"comment_status":"closed","ping_status":"open","sticky":false,"template":"","format":"standard","meta":{"_lmt_disableupdate":"","_lmt_disable":"","_jetpack_memberships_contains_paid_content":false,"footnotes":""},"categories":[109,51],"tags":[2113],"class_list":["post-31612","post","type-post","status-publish","format-standard","has-post-thumbnail","hentry","category-minuto-a-minuto","category-zona-roja","tag-santa-elena-comaltepec"],"jetpack_featured_media_url":"https:\/\/zonaroja.com.mx\/wp-content\/uploads\/2021\/09\/Asesinado-Costa-Comaltepec.jpg","jetpack_sharing_enabled":true,"_links":{"self":[{"href":"https:\/\/zonaroja.com.mx\/index.php?rest_route=\/wp\/v2\/posts\/31612","targetHints":{"allow":["GET"]}}],"collection":[{"href":"https:\/\/zonaroja.com.mx\/index.php?rest_route=\/wp\/v2\/posts"}],"about":[{"href":"https:\/\/zonaroja.com.mx\/index.php?rest_route=\/wp\/v2\/types\/post"}],"author":[{"embeddable":true,"href":"https:\/\/zonaroja.com.mx\/index.php?rest_route=\/wp\/v2\/users\/2"}],"replies":[{"embeddable":true,"href":"https:\/\/zonaroja.com.mx\/index.php?rest_route=%2Fwp%2Fv2%2Fcomments&post=31612"}],"version-history":[{"count":1,"href":"https:\/\/zonaroja.com.mx\/index.php?rest_route=\/wp\/v2\/posts\/31612\/revisions"}],"predecessor-version":[{"id":31614,"href":"https:\/\/zonaroja.com.mx\/index.php?rest_route=\/wp\/v2\/posts\/31612\/revisions\/31614"}],"wp:featuredmedia":[{"embeddable":true,"href":"https:\/\/zonaroja.com.mx\/index.php?rest_route=\/wp\/v2\/media\/31613"}],"wp:attachment":[{"href":"https:\/\/zonaroja.com.mx\/index.php?rest_route=%2Fwp%2Fv2%2Fmedia&parent=31612"}],"wp:term":[{"taxonomy":"category","embeddable":true,"href":"https:\/\/zonaroja.com.mx\/index.php?rest_route=%2Fwp%2Fv2%2Fcategories&post=31612"},{"taxonomy":"post_tag","embeddable":true,"href":"https:\/\/zonaroja.com.mx\/index.php?rest_route=%2Fwp%2Fv2%2Ftags&post=31612"}],"curies":[{"name":"wp","href":"https:\/\/api.w.org\/{rel}","templated":true}]}}