{"id":31615,"date":"2021-09-03T09:00:38","date_gmt":"2021-09-03T14:00:38","guid":{"rendered":"http:\/\/www.zonaroja.com.mx\/?p=31615"},"modified":"2021-09-03T09:00:41","modified_gmt":"2021-09-03T14:00:41","slug":"finiquitarian-conflicto-agrario-ayutla-y-tamazulapam-mixe","status":"publish","type":"post","link":"https:\/\/zonaroja.com.mx\/?p=31615","title":{"rendered":"Finiquitar\u00edan conflicto agrario Ayutla y Tamazul\u00e1pam Mixe"},"content":{"rendered":"\n<p>Redacci\u00f3n\/Zona Roja.<\/p>\n\n\n\n<p>Oaxaca de Ju\u00e1rez, Oax., 3 de septiembre de 2021.- El conflicto agrario entre los pueblos mixes de San Pedro y San Pablo Ayutla y Tamazul\u00e1pam del Esp\u00edritu Santo, podr\u00eda quedar finiquitado en los pr\u00f3ximos d\u00edas.<\/p>\n\n\n\n<p>Ambas comunidades mantienen una a\u00f1eja disputa en los l\u00edmites donde se localiza un manantial, cuya disputa ha derivado en una persona fallecida, cinco mujeres retenidas ilegalmente, adem\u00e1s de personas lesionadas, todas de Ayutla.<\/p>\n\n\n\n<p>Por separado, ayer culminaron sus asambleas comunitarias, en que determinaron alcanzar un acuerdo mutuo, que incluye la divisi\u00f3n de la zona en disputa, incluyendo el manantial, que quedar\u00eda a partes iguales, para que ambos pueblos puedan conectar sus respectivos servicios de agua potable.<\/p>\n\n\n\n<p>\u201cDurante a\u00f1os enfrentamos un conflicto agrario debido a la mancomunidad que une a nuestros territorios y la disputa de un manantial. Hoy 2 de septiembre del 2021, despu\u00e9s de realizar di\u00e1logos intercomunitarios y con el respaldo de las asambleas comunitarias, respectivamente, logramos realizar la firma de un acuerdo que permitir\u00e1 iniciar los trabajos de disoluci\u00f3n de la mancomunidad as\u00ed como a los conflictos por el agua, solucion\u00e1ndolo de forma integral y pac\u00edfica, pronoto se dar\u00e1n m\u00e1s detalles\u201d refiere la publicaci\u00f3n de ayer en redes sociales.<\/p>\n\n\n\n<p>En la primera semana de julio pasado, la Suprema Corte de Justicia de la Naci\u00f3n determin\u00f3 ordenar a los gobiernos de Oaxaca y M\u00e9xico, restablecer el agua para San Pedro y San Pablo Ayutla, a partir del uso del manantial en disputa.<\/p>\n\n\n\n<p>De manera in\u00e9dita, tanto Ayutla como Tamazul\u00e1pam decidieron no acatarla o hacer que se acatara y optaron por buscar una decisi\u00f3n comunitaria, que est\u00e1 a punto de alcanzarse.<\/p>\n","protected":false},"excerpt":{"rendered":"<p>Redacci\u00f3n\/Zona Roja. Oaxaca de Ju\u00e1rez, Oax., 3 de septiembre de 2021.- El conflicto agrario entre&hellip;<\/p>\n","protected":false},"author":2,"featured_media":31617,"comment_status":"closed","ping_status":"open","sticky":false,"template":"","format":"standard","meta":{"_lmt_disableupdate":"","_lmt_disable":"","_jetpack_memberships_contains_paid_content":false,"footnotes":""},"categories":[109,47],"tags":[356],"class_list":["post-31615","post","type-post","status-publish","format-standard","has-post-thumbnail","hentry","category-minuto-a-minuto","category-zona-gris","tag-conflicto-san-pedro-y-san-pablo-ayutla-y-tamazulapam-del-espiritu-santo"],"jetpack_featured_media_url":"https:\/\/zonaroja.com.mx\/wp-content\/uploads\/2021\/09\/Ayutla-Mixe.jpg","jetpack_sharing_enabled":true,"_links":{"self":[{"href":"https:\/\/zonaroja.com.mx\/index.php?rest_route=\/wp\/v2\/posts\/31615","targetHints":{"allow":["GET"]}}],"collection":[{"href":"https:\/\/zonaroja.com.mx\/index.php?rest_route=\/wp\/v2\/posts"}],"about":[{"href":"https:\/\/zonaroja.com.mx\/index.php?rest_route=\/wp\/v2\/types\/post"}],"author":[{"embeddable":true,"href":"https:\/\/zonaroja.com.mx\/index.php?rest_route=\/wp\/v2\/users\/2"}],"replies":[{"embeddable":true,"href":"https:\/\/zonaroja.com.mx\/index.php?rest_route=%2Fwp%2Fv2%2Fcomments&post=31615"}],"version-history":[{"count":1,"href":"https:\/\/zonaroja.com.mx\/index.php?rest_route=\/wp\/v2\/posts\/31615\/revisions"}],"predecessor-version":[{"id":31618,"href":"https:\/\/zonaroja.com.mx\/index.php?rest_route=\/wp\/v2\/posts\/31615\/revisions\/31618"}],"wp:featuredmedia":[{"embeddable":true,"href":"https:\/\/zonaroja.com.mx\/index.php?rest_route=\/wp\/v2\/media\/31617"}],"wp:attachment":[{"href":"https:\/\/zonaroja.com.mx\/index.php?rest_route=%2Fwp%2Fv2%2Fmedia&parent=31615"}],"wp:term":[{"taxonomy":"category","embeddable":true,"href":"https:\/\/zonaroja.com.mx\/index.php?rest_route=%2Fwp%2Fv2%2Fcategories&post=31615"},{"taxonomy":"post_tag","embeddable":true,"href":"https:\/\/zonaroja.com.mx\/index.php?rest_route=%2Fwp%2Fv2%2Ftags&post=31615"}],"curies":[{"name":"wp","href":"https:\/\/api.w.org\/{rel}","templated":true}]}}