{"id":31621,"date":"2021-09-03T13:22:44","date_gmt":"2021-09-03T18:22:44","guid":{"rendered":"https:\/\/www.zonaroja.com.mx\/?p=31621"},"modified":"2021-09-03T13:22:46","modified_gmt":"2021-09-03T18:22:46","slug":"piden-sentencia-para-detenidos-por-desaparicion-de-claudia-uruchurtu","status":"publish","type":"post","link":"https:\/\/zonaroja.com.mx\/?p=31621","title":{"rendered":"Piden sentencia para detenidos por desaparici\u00f3n de Claudia Uruchurtu"},"content":{"rendered":"\n<p class=\"MsoNormal\">Evlin Arag\u00f3n\/Zona Rosa.&nbsp;<\/p>\n\n\n\n<p class=\"MsoNormal\">Oaxaca de Ju\u00e1rez, Oax., 3 de septiembre de 2021.- En v\u00edsperas&nbsp;que se celebre la audiencia donde el Poder Judicial de Oaxaca cerrar\u00e1 la etapa de investigaci\u00f3n sobre el caso de la desaparici\u00f3n forzada de Claudia Uruchurtu Cruz, sus hermanas exigieron a las autoridades hacer justicia y sancionar con todo el peso de la ley a quienes resulten responsables.&nbsp;&nbsp;<\/p>\n\n\n\n<p class=\"MsoNormal\">Mediante un comunicado emitido desde Manchester, Inglaterra, solicitaron que se perfeccione la teor\u00eda establecida por el Ministerio P\u00fablico para la acusaci\u00f3n&nbsp;de las cinco&nbsp;personas implicadas y que el Juez de Control considere y admita las pruebas que los inculpan.&nbsp;&nbsp;<\/p>\n\n\n\n<p class=\"MsoNormal\">\u201cSolicitamos se perfeccione la teor\u00eda del caso los cuales ser\u00e1n en su momento sustentados por el ministerio p\u00fablico para su acusaci\u00f3n; para la etapa intermedia siguiente del juicio esperemos que el juez de control considere que tales medios de prueba se apegan a derechos y sean admitidas\u201d, refirieron.&nbsp;&nbsp;<\/p>\n\n\n\n<p class=\"MsoNormal\">De igual forma, las hermanas Elizabeth, Hayde y Sara Uruchurtu pidieron al Congreso de Oaxaca y la Fiscal\u00eda Anticorrupci\u00f3n dar seguimiento a las denuncias realizadas por Claudia en torno a la serie de irregularidades al interior del municipio de Asunci\u00f3n Nochixtl\u00e1n, mismas que la convirtieron en v\u00edctima de un crimen de lesa de humanidad.&nbsp;<\/p>\n\n\n\n<p class=\"MsoNormal\">\u201cExigimos a las instituciones que los abusos y el robo descarado que a Claudia le cost\u00f3 su libertad y probablemente hasta su vida, sean perseguidos y tambi\u00e9n castigados, pues Claudia bajo esa primicia arriesg\u00f3 su vida y la de sus seres queridos, para que la verdad se materialice y se traduzca en la aplicaci\u00f3n de la ley\u201d, refieren.&nbsp;&nbsp;<\/p>\n\n\n\n<p class=\"MsoNormal\">As\u00ed mismo, recordaron que, pese a las declaraciones del fiscal Arturo Peimbert Calvo, a\u00fan falta localizar a Claudia, por lo que mantendr\u00e1n su lucha hasta tenerla de vuelta y encontrar justicia por los hechos cometidos en contra de su familia.&nbsp;&nbsp;<\/p>\n\n\n\n<p class=\"MsoNormal\">\u201cFalta a\u00fan localizar a Claudia, no callaremos, no claudicaremos hasta encontrar justicia\u201d, sentenciaron.&nbsp;&nbsp;<\/p>\n\n\n\n<p class=\"MsoNormal\">Fue el pasado 13 de mayo que vincularon a proceso a L.V.H., J.A.H.M, y J.R.M.M., como probables responsables de la desaparici\u00f3n forzada de Claudia; mientras que el 22 de julio se agregaron R.A.B., alias \u201cEl Colas\u201d y N.Y.V.J., quienes fueron recluidos en los penales de la Villa de Etla y San Francisco Tanivet.&nbsp;&nbsp;<\/p>\n\n\n\n<p class=\"MsoNormal\">Aunque las primeras tres personas detenidas interpusieron un recurso de apelaci\u00f3n en contra del auto de vinculaci\u00f3n a proceso, este fue ratificado lo que significa que de los antecedentes de la investigaci\u00f3n existen datos de prueba suficientes para establecer que se ha cometido el delito de desaparici\u00f3n forzada en agravio de Claudia, y que existe la probabilidad de que los imputados lo cometieron. <\/p>\n","protected":false},"excerpt":{"rendered":"<p>Evlin Arag\u00f3n\/Zona Rosa.&nbsp; Oaxaca de Ju\u00e1rez, Oax., 3 de septiembre de 2021.- En v\u00edsperas&nbsp;que se&hellip;<\/p>\n","protected":false},"author":2,"featured_media":26928,"comment_status":"closed","ping_status":"open","sticky":false,"template":"","format":"standard","meta":{"_lmt_disableupdate":"","_lmt_disable":"","_jetpack_memberships_contains_paid_content":false,"footnotes":""},"categories":[109,47],"tags":[],"class_list":["post-31621","post","type-post","status-publish","format-standard","has-post-thumbnail","hentry","category-minuto-a-minuto","category-zona-gris"],"jetpack_featured_media_url":"https:\/\/zonaroja.com.mx\/wp-content\/uploads\/2021\/05\/b80fe86b-8f12-48bb-8738-d583cfa4b81f.jpg","jetpack_sharing_enabled":true,"_links":{"self":[{"href":"https:\/\/zonaroja.com.mx\/index.php?rest_route=\/wp\/v2\/posts\/31621","targetHints":{"allow":["GET"]}}],"collection":[{"href":"https:\/\/zonaroja.com.mx\/index.php?rest_route=\/wp\/v2\/posts"}],"about":[{"href":"https:\/\/zonaroja.com.mx\/index.php?rest_route=\/wp\/v2\/types\/post"}],"author":[{"embeddable":true,"href":"https:\/\/zonaroja.com.mx\/index.php?rest_route=\/wp\/v2\/users\/2"}],"replies":[{"embeddable":true,"href":"https:\/\/zonaroja.com.mx\/index.php?rest_route=%2Fwp%2Fv2%2Fcomments&post=31621"}],"version-history":[{"count":1,"href":"https:\/\/zonaroja.com.mx\/index.php?rest_route=\/wp\/v2\/posts\/31621\/revisions"}],"predecessor-version":[{"id":31622,"href":"https:\/\/zonaroja.com.mx\/index.php?rest_route=\/wp\/v2\/posts\/31621\/revisions\/31622"}],"wp:featuredmedia":[{"embeddable":true,"href":"https:\/\/zonaroja.com.mx\/index.php?rest_route=\/wp\/v2\/media\/26928"}],"wp:attachment":[{"href":"https:\/\/zonaroja.com.mx\/index.php?rest_route=%2Fwp%2Fv2%2Fmedia&parent=31621"}],"wp:term":[{"taxonomy":"category","embeddable":true,"href":"https:\/\/zonaroja.com.mx\/index.php?rest_route=%2Fwp%2Fv2%2Fcategories&post=31621"},{"taxonomy":"post_tag","embeddable":true,"href":"https:\/\/zonaroja.com.mx\/index.php?rest_route=%2Fwp%2Fv2%2Ftags&post=31621"}],"curies":[{"name":"wp","href":"https:\/\/api.w.org\/{rel}","templated":true}]}}