{"id":31625,"date":"2021-09-03T16:34:54","date_gmt":"2021-09-03T21:34:54","guid":{"rendered":"http:\/\/www.zonaroja.com.mx\/?p=31625"},"modified":"2021-09-03T16:34:58","modified_gmt":"2021-09-03T21:34:58","slug":"asesinan-a-militante-del-fpr-en-la-costa-intentan-detener-a-german-mendoza-nube","status":"publish","type":"post","link":"https:\/\/zonaroja.com.mx\/?p=31625","title":{"rendered":"Asesinan a militante del FPR en la Costa; intentan detener a Germ\u00e1n Mendoza Nube"},"content":{"rendered":"\n<p>Redacci\u00f3n\/Zona Roja.<\/p>\n\n\n\n<p>Oaxaca de Ju\u00e1rez, Oax., 3 de septiembre de 2021.- Sujetos armados asesinaron la ma\u00f1ana de este viernes a un miembro de la dirigencia del Frente Popular Revolucinario (FPR) en Santa Mar\u00eda Huatulco.<\/p>\n\n\n\n<p>El crimen se perpetr\u00f3 en el sector K de Huatulco y la v\u00edctima respond\u00eda en vida al nombre de Manuel Cartas P\u00e9rez, a quien el FPR identific\u00f3 como miembro del comit\u00e9 estatal.<\/p>\n\n\n\n<p>\u201cExternamos nuestra solidaridad a sus familiares, a quienes decimos que su muerte no quedar\u00e1 impune\u201d, difundi\u00f3 la organizaci\u00f3n.<\/p>\n\n\n\n<p>En tanto, en la ciudad de Oaxaca, intentaron detener al l\u00edder de dicha organizaci\u00f3n, Germ\u00e1n Mendoza Nube, pero supuestamente s\u00f3lo lograron llevarse a tres de sus militantes.<\/p>\n\n\n\n<p>Los hechos sucedieron en la calle 5 de Febrero de la agencia de Cinco Se\u00f1ores, cerca del crucero vial, en que elementos de la Polic\u00eda Estatal detuvieron a tres personas, que el FPR identific\u00f3 como Jos\u00e9 Cruz, Juan Canseco y Gerardo Canseco.<\/p>\n\n\n\n<figure class=\"wp-block-embed-twitter wp-block-embed is-type-rich is-provider-twitter\"><div class=\"wp-block-embed__wrapper\">\n<div class=\"twitter-tweet\"><blockquote class=\"twitter-tweet\" data-lang=\"es\"><p lang=\"es\" dir=\"ltr\">Precisa la <a href=\"https:\/\/twitter.com\/FISCALIA_GobOax?ref_src=twsrc%5Etfw\">@FISCALIA_GobOax<\/a> que no tuvo intervenci\u00f3n en el caso de Germ\u00e1n Mendoza Nube y militantes del <a href=\"https:\/\/twitter.com\/FPR_OAXACA?ref_src=twsrc%5Etfw\">@FPR_OAXACA<\/a>.<br>En tanto, la <a href=\"https:\/\/twitter.com\/Policia_GobOax?ref_src=twsrc%5Etfw\">@Policia_GobOax<\/a> de la <a href=\"https:\/\/twitter.com\/SSP_GobOax?ref_src=twsrc%5Etfw\">@SSP_GobOax<\/a> hizo la revisi\u00f3n por denuncia ciudadana de sujetos armados; las tres personas no fueron detenidas. <a href=\"https:\/\/t.co\/iV9vc30N4a\">pic.twitter.com\/iV9vc30N4a<\/a><\/p>&mdash; Zona Roja Oaxaca (@Zona_Roja_Oax) <a href=\"https:\/\/twitter.com\/Zona_Roja_Oax\/status\/1433904911780024327?ref_src=twsrc%5Etfw\">3 de septiembre de 2021<\/a><\/blockquote><\/div>\n<\/div><\/figure>\n\n\n\n<p>\u201cExigimos la liberaci\u00f3n inmediata de nuestros tres compa\u00f1eros militantes del Frente Popular Revolucionario, que sin ninguna orden de aprehensi\u00f3n y con lujo de violencia fueron detenidos arbitrariamente mientras se encontraban laborando.<\/p>\n\n\n\n<p>\u201cAsimismo, denunciamos el intento de detenci\u00f3n del que fue objeto el profesor Germ\u00e1n Mendoza Nube, tambi\u00e9n militante del FPR. Hacemos responsable al gobierno de Alejandro Murat de la integridad f\u00edsica y psicol\u00f3gica de nuestros compa\u00f1eros\u201d, difundi\u00f3 la organizaci\u00f3n en un comunicado.<\/p>\n\n\n\n<p>No obstante, de acuerdo con fuentes de la Secretar\u00eda de Seguridad P\u00fablica, no se trat\u00f3 de una detenci\u00f3n sino \u00fanicamente de una revisi\u00f3n de rutina, tras una denuncia de sujetos armados en la zona, y las tres personas no tra\u00edan documentos que los identificaran; tras aclararse los hechos, continuaron con sus actividades normales.<\/p>\n","protected":false},"excerpt":{"rendered":"<p>Redacci\u00f3n\/Zona Roja. Oaxaca de Ju\u00e1rez, Oax., 3 de septiembre de 2021.- Sujetos armados asesinaron la&hellip;<\/p>\n","protected":false},"author":2,"featured_media":31626,"comment_status":"closed","ping_status":"open","sticky":false,"template":"","format":"standard","meta":{"_lmt_disableupdate":"","_lmt_disable":"","_jetpack_memberships_contains_paid_content":false,"footnotes":""},"categories":[109,48,47],"tags":[1687],"class_list":["post-31625","post","type-post","status-publish","format-standard","has-post-thumbnail","hentry","category-minuto-a-minuto","category-zona-critica","category-zona-gris","tag-frente-popular-revolucionario-fpr"],"jetpack_featured_media_url":"https:\/\/zonaroja.com.mx\/wp-content\/uploads\/2021\/09\/German-Mendoza-Nube.jpg","jetpack_sharing_enabled":true,"_links":{"self":[{"href":"https:\/\/zonaroja.com.mx\/index.php?rest_route=\/wp\/v2\/posts\/31625","targetHints":{"allow":["GET"]}}],"collection":[{"href":"https:\/\/zonaroja.com.mx\/index.php?rest_route=\/wp\/v2\/posts"}],"about":[{"href":"https:\/\/zonaroja.com.mx\/index.php?rest_route=\/wp\/v2\/types\/post"}],"author":[{"embeddable":true,"href":"https:\/\/zonaroja.com.mx\/index.php?rest_route=\/wp\/v2\/users\/2"}],"replies":[{"embeddable":true,"href":"https:\/\/zonaroja.com.mx\/index.php?rest_route=%2Fwp%2Fv2%2Fcomments&post=31625"}],"version-history":[{"count":1,"href":"https:\/\/zonaroja.com.mx\/index.php?rest_route=\/wp\/v2\/posts\/31625\/revisions"}],"predecessor-version":[{"id":31627,"href":"https:\/\/zonaroja.com.mx\/index.php?rest_route=\/wp\/v2\/posts\/31625\/revisions\/31627"}],"wp:featuredmedia":[{"embeddable":true,"href":"https:\/\/zonaroja.com.mx\/index.php?rest_route=\/wp\/v2\/media\/31626"}],"wp:attachment":[{"href":"https:\/\/zonaroja.com.mx\/index.php?rest_route=%2Fwp%2Fv2%2Fmedia&parent=31625"}],"wp:term":[{"taxonomy":"category","embeddable":true,"href":"https:\/\/zonaroja.com.mx\/index.php?rest_route=%2Fwp%2Fv2%2Fcategories&post=31625"},{"taxonomy":"post_tag","embeddable":true,"href":"https:\/\/zonaroja.com.mx\/index.php?rest_route=%2Fwp%2Fv2%2Ftags&post=31625"}],"curies":[{"name":"wp","href":"https:\/\/api.w.org\/{rel}","templated":true}]}}