{"id":31631,"date":"2021-09-03T21:15:45","date_gmt":"2021-09-04T02:15:45","guid":{"rendered":"http:\/\/www.zonaroja.com.mx\/?p=31631"},"modified":"2021-09-03T21:15:48","modified_gmt":"2021-09-04T02:15:48","slug":"prision-de-73-anos-a-feminicida-de-adolescente-y-44-anos-a-quien-mato-a-su-madre","status":"publish","type":"post","link":"https:\/\/zonaroja.com.mx\/?p=31631","title":{"rendered":"Prisi\u00f3n de 73 a\u00f1os a feminicida de adolescente y 44 a\u00f1os a quien mat\u00f3 a su madre"},"content":{"rendered":"\n<p>Redacci\u00f3n\/Zona Roja.<\/p>\n\n\n\n<p>Oaxaca de Ju\u00e1rez, Oax., 3 de septiembre de 2021.- La Fiscal\u00eda General del Estado de Oaxaca (FGEO) obtuvo del Tribunal de Enjuiciamiento, sentencia condenatoria contra la persona del sexo masculino identificado como M. A. C., responsable del delito de feminicidio en contra de una adolescente, cometido en diciembre de 2018, en Santiago Juxtlahuaca, regi\u00f3n de la Mixteca.<\/p>\n\n\n\n<p>De acuerdo con la carpeta de investigaci\u00f3n 3838\/S.J.\/2018., el 4 de diciembre de 2018, aproximadamente a las 08:00 horas, la v\u00edctima se encontraba en inmediaciones del paraje \u201cLos Sabinos\u201d, perteneciente al referido municipio, cuando fue agredida de manera f\u00edsica y sexual por el responsable. La causa de la muerte fue asfixia por sumersi\u00f3n, delito que consum\u00f3 en el r\u00edo \u201cMixteco\u201d.<\/p>\n\n\n\n<p>Ante este hecho, la instituci\u00f3n de procuraci\u00f3n de justicia inici\u00f3 una exhaustiva investigaci\u00f3n -a trav\u00e9s de la Vicefiscal\u00eda Regional de la Mixteca-, logrando identificar, aprehender y presentar al imputado ante el Juez de la causa, quien tras validar los datos probatorios, determin\u00f3 vincularlo a proceso.<\/p>\n\n\n\n<p>En audiencia, el Tribunal de Enjuiciamiento dict\u00f3 sentencia condenatoria contra M. A. C., a quien impuso la pena de 73 a\u00f1os y cuatro meses de prisi\u00f3n y orden\u00f3 el pago de la reparaci\u00f3n del da\u00f1o por m\u00e1s de 403 mil pesos.<\/p>\n\n\n\n<p>MAT\u00d3 A SU MADRE<\/p>\n\n\n\n<p>En otro caso, la Fiscal\u00eda obtuvo tambi\u00e9n del Tribunal de Enjuiciamiento, sentencia condenatoria por m\u00e1s de 44 a\u00f1os de prisi\u00f3n contra la persona del sexo masculino identificada como J. C. L. S., responsable del delito de feminicidio en agravio de su propia madre, identificada como R. M. S. C., cometido en junio de 2020 en la Heroica Ciudad de Huajuapan de Le\u00f3n, en la regi\u00f3n de la Mixteca.<\/p>\n\n\n\n<p>De acuerdo con la causa penal 173\/2020, el 27 de junio de 2020, entre las 05:00 y 06:00 horas, el imputado agredi\u00f3 a la v\u00edctima con un objeto corto contundente (machete) cuando se encontraban en su domicilio particular, ubicado en la agencia de Agua Dulce de Huajuapan, agresi\u00f3n que por la cual falleci\u00f3 la mujer a consecuencia de las heridas infligidas.<\/p>\n\n\n\n<p>Ante este crimen, la instituci\u00f3n de procuraci\u00f3n de justicia atrajo la investigaci\u00f3n bajo el Protocolo Ministerial, Policial y Pericial del Delito de Feminicidio en el Estado de Oaxaca, logrando identificar, aprehender y presentar al imputado ante el Juzgado de Control quien determin\u00f3 vincularlo a proceso.<\/p>\n\n\n\n<p>En audiencia, el Tribunal de Enjuiciamiento dict\u00f3 sentencia condenatoria contra J. C. L. S., imponi\u00e9ndole la pena de 44 a\u00f1os y cinco meses de prisi\u00f3n adem\u00e1s de ordenar el pago de m\u00e1s de 463 mil pesos por concepto de multa y reparaci\u00f3n del da\u00f1o.<\/p>\n","protected":false},"excerpt":{"rendered":"<p>Redacci\u00f3n\/Zona Roja. Oaxaca de Ju\u00e1rez, Oax., 3 de septiembre de 2021.- La Fiscal\u00eda General del&hellip;<\/p>\n","protected":false},"author":2,"featured_media":30723,"comment_status":"closed","ping_status":"open","sticky":false,"template":"","format":"standard","meta":{"_lmt_disableupdate":"","_lmt_disable":"","_jetpack_memberships_contains_paid_content":false,"footnotes":""},"categories":[109,47],"tags":[494],"class_list":["post-31631","post","type-post","status-publish","format-standard","has-post-thumbnail","hentry","category-minuto-a-minuto","category-zona-gris","tag-fiscalia-general-del-estado-de-oaxaca"],"jetpack_featured_media_url":"https:\/\/zonaroja.com.mx\/wp-content\/uploads\/2021\/08\/Prision-carcel-1.jpg","jetpack_sharing_enabled":true,"_links":{"self":[{"href":"https:\/\/zonaroja.com.mx\/index.php?rest_route=\/wp\/v2\/posts\/31631","targetHints":{"allow":["GET"]}}],"collection":[{"href":"https:\/\/zonaroja.com.mx\/index.php?rest_route=\/wp\/v2\/posts"}],"about":[{"href":"https:\/\/zonaroja.com.mx\/index.php?rest_route=\/wp\/v2\/types\/post"}],"author":[{"embeddable":true,"href":"https:\/\/zonaroja.com.mx\/index.php?rest_route=\/wp\/v2\/users\/2"}],"replies":[{"embeddable":true,"href":"https:\/\/zonaroja.com.mx\/index.php?rest_route=%2Fwp%2Fv2%2Fcomments&post=31631"}],"version-history":[{"count":1,"href":"https:\/\/zonaroja.com.mx\/index.php?rest_route=\/wp\/v2\/posts\/31631\/revisions"}],"predecessor-version":[{"id":31632,"href":"https:\/\/zonaroja.com.mx\/index.php?rest_route=\/wp\/v2\/posts\/31631\/revisions\/31632"}],"wp:featuredmedia":[{"embeddable":true,"href":"https:\/\/zonaroja.com.mx\/index.php?rest_route=\/wp\/v2\/media\/30723"}],"wp:attachment":[{"href":"https:\/\/zonaroja.com.mx\/index.php?rest_route=%2Fwp%2Fv2%2Fmedia&parent=31631"}],"wp:term":[{"taxonomy":"category","embeddable":true,"href":"https:\/\/zonaroja.com.mx\/index.php?rest_route=%2Fwp%2Fv2%2Fcategories&post=31631"},{"taxonomy":"post_tag","embeddable":true,"href":"https:\/\/zonaroja.com.mx\/index.php?rest_route=%2Fwp%2Fv2%2Ftags&post=31631"}],"curies":[{"name":"wp","href":"https:\/\/api.w.org\/{rel}","templated":true}]}}