{"id":31635,"date":"2021-09-04T08:00:04","date_gmt":"2021-09-04T13:00:04","guid":{"rendered":"http:\/\/www.zonaroja.com.mx\/?p=31635"},"modified":"2021-09-03T22:24:16","modified_gmt":"2021-09-04T03:24:16","slug":"comunicacion-dialogo-asertivo-y-empatia-claves-para-la-resolucion-de-conflictos","status":"publish","type":"post","link":"https:\/\/zonaroja.com.mx\/?p=31635","title":{"rendered":"Comunicaci\u00f3n, di\u00e1logo asertivo y empat\u00eda, claves para la resoluci\u00f3n de conflictos"},"content":{"rendered":"\n<p>Redacci\u00f3n\/Zona Roja.<\/p>\n\n\n\n<p>Oaxaca de Ju\u00e1rez, Oax., 4 de septiembre de 2021.- A invitaci\u00f3n del Poder Judicial del Estado de Oaxaca, especialistas abordaron el tema \u201cJusticia Alternativa y Efectos de la comunicaci\u00f3n ante la Covid-19\u201d, con el que dio inicio una jornada de foros denominados \u201cVisi\u00f3n Humana de la Justicia\u201d, para orientar a la ciudadan\u00eda y analizar algunos de los efectos que la pandemia por Covid-19 y el confinamiento est\u00e1n causando en nuestra sociedad.<\/p>\n\n\n\n<p>Edgar Estrada Ruiz, ex director del Centro de Justicia Alternativa de la Fiscal\u00eda General del Estado; Bertha Mary Rodr\u00edguez, socia fundadora y ex presidenta nacional de la Asociaci\u00f3n para la Resoluci\u00f3n de Conflictos A.C. y Rafael Cid, cofundador de Fusi\u00f3n Creativa, Fusiona y Fusi\u00f3n Empresarial, coincidieron que la comunicaci\u00f3n, di\u00e1logo asertivo y empat\u00eda pueden mejorar en las personas la capacidad de enfrentar desaf\u00edos o situaciones adversas.<\/p>\n\n\n\n<p>Con la moderaci\u00f3n del periodista Marcelino Silva disertaron -v\u00eda streaming-, sobre aspectos como los alcances de la justicia alternativa, el derecho humano de acceso a la justicia, los retos que representan para las instituciones privadas y la sociedad las restricciones de movilidad, adem\u00e1s de compartir sus experiencias desde el \u00e1mbito en el que actualmente se desempe\u00f1an.<\/p>\n\n\n\n<p>Indicaron que a trav\u00e9s de la justicia alternativa, las partes protagonistas son quienes van marcando el ritmo dependiendo de las necesidades que se vayan presentando. Adem\u00e1s, tienen la oportunidad de dialogar independientemente de la materia en la que se encuentra inmerso el conflicto, situaci\u00f3n que no se logra en la justicia tradicional.<\/p>\n\n\n\n<p>Edgar Estrada Ruiz hizo \u00e9nfasis en la visi\u00f3n integral y la corresponsabilidad que debe existir entre las personas ya que la soluci\u00f3n y atenci\u00f3n a problem\u00e1ticas no compete \u00fanicamente a las instituciones. \u201cEs la deficiencia de una comunicaci\u00f3n adecuada la que propicia un n\u00famero importante de conflictos\u201d, dijo.<\/p>\n\n\n\n<p>Por su parte, la especialista Bertha Mary Rodr\u00edguez, manifest\u00f3 que los casos de violencia familiar han aumentado por la pandemia, de ah\u00ed que se la justicia alternativa surge como es un puente de comunicaci\u00f3n importante; mientras que el maestro Rafael Cid, pidi\u00f3 hacer un uso responsable de las redes sociales y difundir contenidos que sean emp\u00e1ticos y humanizables con el objetivo de solucionar temas y orientar a la sociedad de forma positiva.<\/p>\n\n\n\n<p>El primer foro \u201cVisi\u00f3n Humana de la Justicia\u201d, que organizan de manera conjunta el Centro de Justicia Alternativa, la Direcci\u00f3n de Derechos Humanos del Consejo de la Judicatura y la Coordinaci\u00f3n de Comunicaci\u00f3n Social del Tribunal Superior de Justicia, se encuentra disponible para consulta en las plataformas Facebook: Tribunal Superior de Justicia de Oaxaca y Twitter @tsjoaxaca<\/p>\n","protected":false},"excerpt":{"rendered":"<p>Redacci\u00f3n\/Zona Roja. Oaxaca de Ju\u00e1rez, Oax., 4 de septiembre de 2021.- A invitaci\u00f3n del Poder&hellip;<\/p>\n","protected":false},"author":2,"featured_media":31636,"comment_status":"closed","ping_status":"open","sticky":false,"template":"","format":"standard","meta":{"_lmt_disableupdate":"","_lmt_disable":"","_jetpack_memberships_contains_paid_content":false,"footnotes":""},"categories":[109,46],"tags":[223],"class_list":["post-31635","post","type-post","status-publish","format-standard","has-post-thumbnail","hentry","category-minuto-a-minuto","category-zona-blanca","tag-poder-judicial-de-oaxaca"],"jetpack_featured_media_url":"https:\/\/zonaroja.com.mx\/wp-content\/uploads\/2021\/09\/Poder-Judicial-promueve-temas-de-interes-para-la-sociedad.jpg","jetpack_sharing_enabled":true,"_links":{"self":[{"href":"https:\/\/zonaroja.com.mx\/index.php?rest_route=\/wp\/v2\/posts\/31635","targetHints":{"allow":["GET"]}}],"collection":[{"href":"https:\/\/zonaroja.com.mx\/index.php?rest_route=\/wp\/v2\/posts"}],"about":[{"href":"https:\/\/zonaroja.com.mx\/index.php?rest_route=\/wp\/v2\/types\/post"}],"author":[{"embeddable":true,"href":"https:\/\/zonaroja.com.mx\/index.php?rest_route=\/wp\/v2\/users\/2"}],"replies":[{"embeddable":true,"href":"https:\/\/zonaroja.com.mx\/index.php?rest_route=%2Fwp%2Fv2%2Fcomments&post=31635"}],"version-history":[{"count":1,"href":"https:\/\/zonaroja.com.mx\/index.php?rest_route=\/wp\/v2\/posts\/31635\/revisions"}],"predecessor-version":[{"id":31637,"href":"https:\/\/zonaroja.com.mx\/index.php?rest_route=\/wp\/v2\/posts\/31635\/revisions\/31637"}],"wp:featuredmedia":[{"embeddable":true,"href":"https:\/\/zonaroja.com.mx\/index.php?rest_route=\/wp\/v2\/media\/31636"}],"wp:attachment":[{"href":"https:\/\/zonaroja.com.mx\/index.php?rest_route=%2Fwp%2Fv2%2Fmedia&parent=31635"}],"wp:term":[{"taxonomy":"category","embeddable":true,"href":"https:\/\/zonaroja.com.mx\/index.php?rest_route=%2Fwp%2Fv2%2Fcategories&post=31635"},{"taxonomy":"post_tag","embeddable":true,"href":"https:\/\/zonaroja.com.mx\/index.php?rest_route=%2Fwp%2Fv2%2Ftags&post=31635"}],"curies":[{"name":"wp","href":"https:\/\/api.w.org\/{rel}","templated":true}]}}