{"id":31638,"date":"2021-09-04T07:30:57","date_gmt":"2021-09-04T12:30:57","guid":{"rendered":"http:\/\/www.zonaroja.com.mx\/?p=31638"},"modified":"2021-09-04T06:16:53","modified_gmt":"2021-09-04T11:16:53","slug":"no-baja-covid-de-500-casos-diarios-pero-oaxaca-regresara-a-semaforo-amarillo","status":"publish","type":"post","link":"https:\/\/zonaroja.com.mx\/?p=31638","title":{"rendered":"No baja Covid de 500 casos diarios, pero Oaxaca regresar\u00e1 a sem\u00e1foro amarillo"},"content":{"rendered":"\n<p>Oaxaca de Ju\u00e1rez, Oax., 4 de septiembre de 2021.- Los casos de Covid-19 en Oaxaca no han bajado de 500 casos positivos diarios desde hace dos semanas.  <\/p>\n\n\n\n<p>Sin embargo, la Secretar\u00eda de Salud federal determin\u00f3 que la entidad pase del 6 al 19 de septiembre &#8211;justo en las fiestas patrias&#8211; del sem\u00e1foro epidemiol\u00f3gico naranja al amarillo, que significa menor riesgo de contagios.<\/p>\n\n\n\n<p>En tanto, los Servicios de Salud de Oaxaca reportaron este viernes que suman ya 69 mil 225 las personas que han dado positivo al coronavirus, 520 m\u00e1s que el corte de ayer, as\u00ed como 27 fallecimientos nuevos, para un total de cuatro mil 691 muertes relacionadas a la enfermedad viral.<\/p>\n\n\n\n<p>Referente a las demarcaciones con mayor incidencia de contagios reportados en la \u00faltima jornada se encuentran principalmente: Oaxaca de Ju\u00e1rez con 140, Santa Cruz Xoxocotl\u00e1n con 45, Santa Mar\u00eda Huatulco con 26, San Juan Bautista Tuxtepec con 22, Santa Luc\u00eda del Camino con 21 y la Heroica Ciudad de Juchit\u00e1n de Zaragoza con 18.<\/p>\n\n\n\n<p>Seg\u00fan el informe diario, los j\u00f3venes adultos de entre 25 y 44 a\u00f1os siguen siendo la poblaci\u00f3n con m\u00e1s contagios acumulados de la patolog\u00eda respiratoria, este grupo etario alcanza el 47.2% del total de casos confirmados, lo que representa 32 mil 728 pacientes.<\/p>\n\n\n\n<p>Confirmaron tambi\u00e9n que desde el pasado 14 de marzo del 2020 y a la fecha, se han acumulado 122 mil 612 personas con s\u00edntomas relacionados a la enfermedad viral, 62 mil 584 pacientes se han recuperado, 47 mil 600 son negativos y cinco mil 787 son sospechosos.<\/p>\n\n\n\n<figure class=\"wp-block-embed-twitter wp-block-embed is-type-rich is-provider-twitter\"><div class=\"wp-block-embed__wrapper\">\n<div class=\"twitter-tweet\"><blockquote class=\"twitter-tweet\" data-lang=\"es\"><p lang=\"es\" dir=\"ltr\"><a href=\"https:\/\/twitter.com\/hashtag\/%C3%9AltimoMinuto?src=hash&amp;ref_src=twsrc%5Etfw\">#\u00daltimoMinuto<\/a><br>Este viernes, el estado de Oaxaca registr\u00f3 520 casos de Covid-19, para un acumulado de 69 mil 225 casos confirmados,seg\u00fan Servicios de Salud.<br>Tambi\u00e9n, 27 decesos, para una suma de 4 mil 691 fallecimientos.<br>Hay 14 nosocomios saturados; ocupaci\u00f3n hospitalaria del 69%. <a href=\"https:\/\/t.co\/H8Bdj3JGeD\">pic.twitter.com\/H8Bdj3JGeD<\/a><\/p>&mdash; Zona Roja Oaxaca (@Zona_Roja_Oax) <a href=\"https:\/\/twitter.com\/Zona_Roja_Oax\/status\/1433965803561443330?ref_src=twsrc%5Etfw\">4 de septiembre de 2021<\/a><\/blockquote><\/div>\n<\/div><\/figure>\n\n\n\n<p>Los casos positivos acumulados por Jurisdicci\u00f3n Sanitaria, se concentra principalmente en Valles Centrales con 42 mil 174 confirmados, 866 activos y dos mil 118 fallecimientos; el Istmo con nueve mil 62 positivos, 574 activos y 992 decesos; Tuxtepec con cuatro mil 837 casos, 162 activos y 450 muertes; Costa con cinco mil 241 positivos, 169 activos y 410 muertes; Mixteca con cinco mil 603 casos, 104 activos y 470 decesos; y en la Sierra con dos mil 308 confirmados, 75 activos y 251 fallecimientos.<\/p>\n\n\n\n<p>Destacaron que en las \u00faltimas 24 horas se ingresaron 20 nuevos pacientes a la red de nosocomios Covid-19, para un total de 334 camas ocupadas, cifra que representa el 69% de saturaci\u00f3n hospitalaria global.<\/p>\n\n\n\n<p>Al corte de este viernes, tambi\u00e9n disminuy\u00f3 el n\u00famero de centros m\u00e9dicos que se encuentran trabajando al 100% de saturaci\u00f3n, al reportar 14, uno menos que el d\u00eda de ayer.<\/p>\n\n\n\n<p>El n\u00famero de personas con signos y s\u00edntomas del virus SARS-CoV-2, descendi\u00f3 este 03 de septiembre a mil 950, 61 casos activos menos que el d\u00eda de ayer, lo que representa un 2.8% del total de la pandemia en la entidad, informaron los SSO.<\/p>\n\n\n\n<p>Los SSO insistieron en que la pandemia contin\u00faa siendo un riesgo para toda la poblaci\u00f3n, por lo que es importante usar adecuadamente el cubrebocas siempre al estar con otras personas que no vivan en el mismo hogar, evitar lugares aglomerados y poco ventilados, aplicar la sana distancia, as\u00ed como llevar a cabo las acciones de higiene en los hogares, oficinas, centros comerciales, como en la v\u00eda p\u00fablica.<\/p>\n","protected":false},"excerpt":{"rendered":"<p>Oaxaca de Ju\u00e1rez, Oax., 4 de septiembre de 2021.- Los casos de Covid-19 en Oaxaca&hellip;<\/p>\n","protected":false},"author":2,"featured_media":31639,"comment_status":"closed","ping_status":"open","sticky":false,"template":"","format":"standard","meta":{"_lmt_disableupdate":"","_lmt_disable":"","_jetpack_memberships_contains_paid_content":false,"footnotes":""},"categories":[109,47],"tags":[1512],"class_list":["post-31638","post","type-post","status-publish","format-standard","has-post-thumbnail","hentry","category-minuto-a-minuto","category-zona-gris","tag-coronavirus-oaxaca"],"jetpack_featured_media_url":"https:\/\/zonaroja.com.mx\/wp-content\/uploads\/2021\/09\/Covid-3-septiembre.jpg","jetpack_sharing_enabled":true,"_links":{"self":[{"href":"https:\/\/zonaroja.com.mx\/index.php?rest_route=\/wp\/v2\/posts\/31638","targetHints":{"allow":["GET"]}}],"collection":[{"href":"https:\/\/zonaroja.com.mx\/index.php?rest_route=\/wp\/v2\/posts"}],"about":[{"href":"https:\/\/zonaroja.com.mx\/index.php?rest_route=\/wp\/v2\/types\/post"}],"author":[{"embeddable":true,"href":"https:\/\/zonaroja.com.mx\/index.php?rest_route=\/wp\/v2\/users\/2"}],"replies":[{"embeddable":true,"href":"https:\/\/zonaroja.com.mx\/index.php?rest_route=%2Fwp%2Fv2%2Fcomments&post=31638"}],"version-history":[{"count":2,"href":"https:\/\/zonaroja.com.mx\/index.php?rest_route=\/wp\/v2\/posts\/31638\/revisions"}],"predecessor-version":[{"id":31641,"href":"https:\/\/zonaroja.com.mx\/index.php?rest_route=\/wp\/v2\/posts\/31638\/revisions\/31641"}],"wp:featuredmedia":[{"embeddable":true,"href":"https:\/\/zonaroja.com.mx\/index.php?rest_route=\/wp\/v2\/media\/31639"}],"wp:attachment":[{"href":"https:\/\/zonaroja.com.mx\/index.php?rest_route=%2Fwp%2Fv2%2Fmedia&parent=31638"}],"wp:term":[{"taxonomy":"category","embeddable":true,"href":"https:\/\/zonaroja.com.mx\/index.php?rest_route=%2Fwp%2Fv2%2Fcategories&post=31638"},{"taxonomy":"post_tag","embeddable":true,"href":"https:\/\/zonaroja.com.mx\/index.php?rest_route=%2Fwp%2Fv2%2Ftags&post=31638"}],"curies":[{"name":"wp","href":"https:\/\/api.w.org\/{rel}","templated":true}]}}