{"id":31644,"date":"2021-09-04T07:56:40","date_gmt":"2021-09-04T12:56:40","guid":{"rendered":"http:\/\/www.zonaroja.com.mx\/?p=31644"},"modified":"2021-09-04T07:57:04","modified_gmt":"2021-09-04T12:57:04","slug":"grupo-armado-habria-secuestrado-a-ex-funcionario-de-sso-procesan-a-mujer","status":"publish","type":"post","link":"https:\/\/zonaroja.com.mx\/?p=31644","title":{"rendered":"Grupo armado habr\u00eda secuestrado a ex funcionario de SSO; procesan a mujer"},"content":{"rendered":"\n<p>Redacci\u00f3n\/Zona Roja.<\/p>\n\n\n\n<p>Oaxaca de Ju\u00e1rez, Oax., 4 de septiembre de 2021.- La Fiscal\u00eda General del Estado de Oaxaca (FGEO) obtuvo del Juzgado de Control, auto de vinculaci\u00f3n a proceso contra la persona del sexo femenino identificada como A. L. C. P. (Ana Luisa), probable responsable del delito de desaparici\u00f3n cometida por particulares en agravio del masculino identificado como D. C. S. (David Concha Su\u00e1rez), en mayo de 2021, en jurisdicci\u00f3n de Zimatl\u00e1n de \u00c1lvarez, en la regi\u00f3n de Valles Centrales.<\/p>\n\n\n\n<p>En un comunicado, la instituci\u00f3n inform\u00f3 que, de acuerdo con la causa penal 788\/2021, la madrugada del 9 de mayo de 2021, un grupo de personas -entre las que se encontraba la imputada- sustrajo a la v\u00edctima de su domicilio particular, ubicado en el paraje \u201cR\u00edo Rancho\u201d del barrio de San Juan, en Zimatl\u00e1n de \u00c1lvarez, sin que hasta la fecha se conozca su paradero.<\/p>\n\n\n\n<p>Ante este hecho, la Instituci\u00f3n de procuraci\u00f3n de justicia atrajo la investigaci\u00f3n -a trav\u00e9s de su Unidad Especializada en Desaparici\u00f3n Forzada de la Vicefiscal\u00eda General de Atenci\u00f3n a V\u00edctimas y a la Sociedad-, iniciando las diligencias correspondientes, logrando ejecutar orden de aprehensi\u00f3n contra la imputada el pasado 11 de agosto.<\/p>\n\n\n\n<p>En audiencia y tras validar los datos de prueba proporcionados por la FGEO, el Juez en turno determin\u00f3 vincular a proceso a A. L. C. P., imponiendo la medida cautelar de prisi\u00f3n preventiva oficiosa y otorgando seis meses para el cierre de investigaci\u00f3n complementaria. David Concha Su\u00e1rez fungi\u00f3 como director de Administraci\u00f3n de los Servicios de Salud hasta finales del a\u00f1o pasado, en que present\u00f3 su renuncia, ante la exigencia de la Secci\u00f3n 35 del Sindicato Nacional de Trabajadores de la Secretar\u00eda de Salud.<\/p>\n","protected":false},"excerpt":{"rendered":"<p>Redacci\u00f3n\/Zona Roja. Oaxaca de Ju\u00e1rez, Oax., 4 de septiembre de 2021.- La Fiscal\u00eda General del&hellip;<\/p>\n","protected":false},"author":2,"featured_media":31645,"comment_status":"closed","ping_status":"open","sticky":false,"template":"","format":"standard","meta":{"_lmt_disableupdate":"","_lmt_disable":"","_jetpack_memberships_contains_paid_content":false,"footnotes":""},"categories":[109,47],"tags":[2199],"class_list":["post-31644","post","type-post","status-publish","format-standard","has-post-thumbnail","hentry","category-minuto-a-minuto","category-zona-gris","tag-david-concha-suarez"],"jetpack_featured_media_url":"https:\/\/zonaroja.com.mx\/wp-content\/uploads\/2021\/09\/David-Concha-Suarez.jpg","jetpack_sharing_enabled":true,"_links":{"self":[{"href":"https:\/\/zonaroja.com.mx\/index.php?rest_route=\/wp\/v2\/posts\/31644","targetHints":{"allow":["GET"]}}],"collection":[{"href":"https:\/\/zonaroja.com.mx\/index.php?rest_route=\/wp\/v2\/posts"}],"about":[{"href":"https:\/\/zonaroja.com.mx\/index.php?rest_route=\/wp\/v2\/types\/post"}],"author":[{"embeddable":true,"href":"https:\/\/zonaroja.com.mx\/index.php?rest_route=\/wp\/v2\/users\/2"}],"replies":[{"embeddable":true,"href":"https:\/\/zonaroja.com.mx\/index.php?rest_route=%2Fwp%2Fv2%2Fcomments&post=31644"}],"version-history":[{"count":2,"href":"https:\/\/zonaroja.com.mx\/index.php?rest_route=\/wp\/v2\/posts\/31644\/revisions"}],"predecessor-version":[{"id":31647,"href":"https:\/\/zonaroja.com.mx\/index.php?rest_route=\/wp\/v2\/posts\/31644\/revisions\/31647"}],"wp:featuredmedia":[{"embeddable":true,"href":"https:\/\/zonaroja.com.mx\/index.php?rest_route=\/wp\/v2\/media\/31645"}],"wp:attachment":[{"href":"https:\/\/zonaroja.com.mx\/index.php?rest_route=%2Fwp%2Fv2%2Fmedia&parent=31644"}],"wp:term":[{"taxonomy":"category","embeddable":true,"href":"https:\/\/zonaroja.com.mx\/index.php?rest_route=%2Fwp%2Fv2%2Fcategories&post=31644"},{"taxonomy":"post_tag","embeddable":true,"href":"https:\/\/zonaroja.com.mx\/index.php?rest_route=%2Fwp%2Fv2%2Ftags&post=31644"}],"curies":[{"name":"wp","href":"https:\/\/api.w.org\/{rel}","templated":true}]}}