{"id":31648,"date":"2021-09-04T08:10:34","date_gmt":"2021-09-04T13:10:34","guid":{"rendered":"http:\/\/www.zonaroja.com.mx\/?p=31648"},"modified":"2021-09-04T08:10:37","modified_gmt":"2021-09-04T13:10:37","slug":"concluye-primera-semana-de-clases-en-oaxaca-sin-contagios-de-covid","status":"publish","type":"post","link":"https:\/\/zonaroja.com.mx\/?p=31648","title":{"rendered":"Concluye primera semana de clases en Oaxaca sin contagios de Covid"},"content":{"rendered":"\n<p>Redacci\u00f3n\/Zona Roja.<\/p>\n\n\n\n<p>Oaxaca de Ju\u00e1rez, Oax., 4 de septiembre de 2021.- La primera semana de clases del ciclo escolar 2021-2022 concluy\u00f3 sin contagios de Covid-19 en planteles que decidieron regresar a las aulas de manera semipresencial.<\/p>\n\n\n\n<p>\u201cEstamos cerrando la semana sin ning\u00fan contagio, con ni\u00f1as y ni\u00f1os y padres que decidieron iniciar clases presenciales, esa es una gran noticia\u201d, expuso ayer el titular del IEEPO, Francisco \u00c1ngel Villarreal.<\/p>\n\n\n\n<p>Durante una gira de trabajo por la regi\u00f3n del Istmo de Tehuantepec y al lado del gobernador Alejandro Murat Hinojosa, resalt\u00f3 que este resultado s\u00f3lo se debe a las mam\u00e1s, los pap\u00e1s que han estado pendientes de las condiciones de salud de ni\u00f1as y ni\u00f1os.<\/p>\n\n\n\n<p>Asimismo, de los maestros y directivos que est\u00e1n pendientes de los alumnos, a trav\u00e9s de filtros sanitarios y diversas medidas, con los cuales se ha podido iniciar el regreso mixto a las escuelas, escalonado, seguro.<\/p>\n\n\n\n<p>Indic\u00f3 que aproximadamente el 25 por ciento de planteles en el estado inici\u00f3 clases de manera presencial y paulatinamente se ir\u00e1n incorporando otras escuelas del nivel b\u00e1sico, siempre cuidando todas las medidas de salud.<\/p>\n\n\n\n<figure class=\"wp-block-embed-twitter wp-block-embed is-type-rich is-provider-twitter\"><div class=\"wp-block-embed__wrapper\">\n<div class=\"twitter-tweet\"><blockquote class=\"twitter-tweet\" data-lang=\"es\"><p lang=\"es\" dir=\"ltr\">En las estrategias dirigidas al desarrollo de la ni\u00f1ez, en Sta. Cruz Bamba y Garrapatero, mpio. de Tehuantepec, el Gdor. <a href=\"https:\/\/twitter.com\/alejandromurat?ref_src=twsrc%5Etfw\">@alejandromurat<\/a> y el  DG del IEEPO, Francisco Villarreal <a href=\"https:\/\/twitter.com\/VillarrealPaco?ref_src=twsrc%5Etfw\">@VillarrealPaco<\/a> entregaron materiales para la Educaci\u00f3n Inicial Ind\u00edgena que se brinda a 46 infantes. <a href=\"https:\/\/t.co\/nRzf5i9TgY\">pic.twitter.com\/nRzf5i9TgY<\/a><\/p>&mdash; IEEPO (@IEEPOGobOax) <a href=\"https:\/\/twitter.com\/IEEPOGobOax\/status\/1433930441195757570?ref_src=twsrc%5Etfw\">3 de septiembre de 2021<\/a><\/blockquote><\/div>\n<\/div><\/figure>\n\n\n\n<p>Record\u00f3 que la Secretar\u00eda de Educaci\u00f3n P\u00fablica emiti\u00f3 los lineamientos para el regreso a clases presenciales, que son:<\/p>\n\n\n\n<p>&nbsp;1.- Integrar los comit\u00e9s participativos de salud escolar en las escuelas p\u00fablicas y privadas de educaci\u00f3n b\u00e1sica.<\/p>\n\n\n\n<p>2.- Establecer filtro de salud en casa y participar en los filtros de la escuela y en el sal\u00f3n de clases.<\/p>\n\n\n\n<p>3.- Lavarse las manos con agua y jab\u00f3n o gel antibacterial<\/p>\n\n\n\n<p>4.- Usar el cubre bocas sobre nariz y boca en todo momento<\/p>\n\n\n\n<p>5.- Mantener la sana distancia<\/p>\n\n\n\n<p>6.- Dar mayores usos a los espacios abiertos como canchas techadas, pasillos y parques para adaptarlos como espacios de estudios, tomando en cuenta las condiciones meteorol\u00f3gicas.<\/p>\n\n\n\n<p>7.- Suspensi\u00f3n de cualquier tipo de ceremonia o reuniones que aglomeren a la comunidad escolar, como homenajes, reuniones presenciales y convivios.<\/p>\n\n\n\n<p>8.- Avisar inmediatamente la presencia o sospechas de casos de covid-19 en la escuela.<\/p>\n\n\n\n<p>9.- Inscribirse en los cursos de apoyo socioemocional en l\u00ednea de la SEP-Salud \u201cRetorno Seguro\u201d en climss.imss.gob.mx.<\/p>\n","protected":false},"excerpt":{"rendered":"<p>Redacci\u00f3n\/Zona Roja. Oaxaca de Ju\u00e1rez, Oax., 4 de septiembre de 2021.- La primera semana de&hellip;<\/p>\n","protected":false},"author":2,"featured_media":31649,"comment_status":"closed","ping_status":"open","sticky":false,"template":"","format":"standard","meta":{"_lmt_disableupdate":"","_lmt_disable":"","_jetpack_memberships_contains_paid_content":false,"footnotes":""},"categories":[109,46],"tags":[2837],"class_list":["post-31648","post","type-post","status-publish","format-standard","has-post-thumbnail","hentry","category-minuto-a-minuto","category-zona-blanca","tag-instituto-estatal-de-educacion-publica-de-oaxaca-ieepo"],"jetpack_featured_media_url":"https:\/\/zonaroja.com.mx\/wp-content\/uploads\/2021\/09\/Francisco-Angel-Villarreal.jpg","jetpack_sharing_enabled":true,"_links":{"self":[{"href":"https:\/\/zonaroja.com.mx\/index.php?rest_route=\/wp\/v2\/posts\/31648","targetHints":{"allow":["GET"]}}],"collection":[{"href":"https:\/\/zonaroja.com.mx\/index.php?rest_route=\/wp\/v2\/posts"}],"about":[{"href":"https:\/\/zonaroja.com.mx\/index.php?rest_route=\/wp\/v2\/types\/post"}],"author":[{"embeddable":true,"href":"https:\/\/zonaroja.com.mx\/index.php?rest_route=\/wp\/v2\/users\/2"}],"replies":[{"embeddable":true,"href":"https:\/\/zonaroja.com.mx\/index.php?rest_route=%2Fwp%2Fv2%2Fcomments&post=31648"}],"version-history":[{"count":1,"href":"https:\/\/zonaroja.com.mx\/index.php?rest_route=\/wp\/v2\/posts\/31648\/revisions"}],"predecessor-version":[{"id":31650,"href":"https:\/\/zonaroja.com.mx\/index.php?rest_route=\/wp\/v2\/posts\/31648\/revisions\/31650"}],"wp:featuredmedia":[{"embeddable":true,"href":"https:\/\/zonaroja.com.mx\/index.php?rest_route=\/wp\/v2\/media\/31649"}],"wp:attachment":[{"href":"https:\/\/zonaroja.com.mx\/index.php?rest_route=%2Fwp%2Fv2%2Fmedia&parent=31648"}],"wp:term":[{"taxonomy":"category","embeddable":true,"href":"https:\/\/zonaroja.com.mx\/index.php?rest_route=%2Fwp%2Fv2%2Fcategories&post=31648"},{"taxonomy":"post_tag","embeddable":true,"href":"https:\/\/zonaroja.com.mx\/index.php?rest_route=%2Fwp%2Fv2%2Ftags&post=31648"}],"curies":[{"name":"wp","href":"https:\/\/api.w.org\/{rel}","templated":true}]}}