{"id":3165,"date":"2019-08-17T20:33:10","date_gmt":"2019-08-18T01:33:10","guid":{"rendered":"http:\/\/www.zonaroja.com.mx\/?p=3165"},"modified":"2019-08-17T20:33:13","modified_gmt":"2019-08-18T01:33:13","slug":"ejecutan-a-cuatro-en-menos-de-24-horas-en-oaxaca-entre-ellas-una-mujer","status":"publish","type":"post","link":"https:\/\/zonaroja.com.mx\/?p=3165","title":{"rendered":"Ejecutan a cuatro en menos de 24 horas en Oaxaca, entre ellas una mujer"},"content":{"rendered":"\n<p>Redacci\u00f3n\/Zona\nRoja.<\/p>\n\n\n\n<p>Oaxaca de\nJu\u00e1rez, Oax., 17 de agosto de 2019.- En tanto el Presidente Andr\u00e9s Manuel L\u00f3pez\nObrador realiza una gira en Oaxaca desde ayer, cuatro personas fueron\nejecutadas en menos de 24 horas en la entidad, entre ellas una mujer, que se\ndesempe\u00f1aba como profesora y presidenta municipal.<\/p>\n\n\n\n<p>Dos\nhomicidios se registraron anoche en la localidad de El Fais\u00e1n, municipio de\nVilla de Tututepec, regi\u00f3n de la Costa, y otros dos hoy por la tarde en El\nEspinal, regi\u00f3n del Istmo de Tehuantepec; en ambos casos se utilizaron armas de\ngrueso calibre.<\/p>\n\n\n\n<p>De acuerdo con informaci\u00f3n de la Fiscal\u00eda General del Estado, anoche alrededor de las 23:40 horas, a un costado de la carretera federal 200, a la altura del crucero a la comunidad de El Fais\u00e1n, Villa de Tututepec, fue hallada una camioneta marca Ford, tipo Ranger, con dos cuerpos en su interior, que presentaban disparos de armas de fuego.<\/p>\n\n\n\n<figure class=\"wp-block-image\"><img decoding=\"async\" width=\"854\" height=\"1024\" src=\"http:\/\/www.zonaroja.com.mx\/wp-content\/uploads\/2019\/08\/IMG_9330-854x1024.jpg\" alt=\"\" class=\"wp-image-3167\" srcset=\"https:\/\/zonaroja.com.mx\/wp-content\/uploads\/2019\/08\/IMG_9330-854x1024.jpg 854w, https:\/\/zonaroja.com.mx\/wp-content\/uploads\/2019\/08\/IMG_9330-250x300.jpg 250w, https:\/\/zonaroja.com.mx\/wp-content\/uploads\/2019\/08\/IMG_9330-768x921.jpg 768w, https:\/\/zonaroja.com.mx\/wp-content\/uploads\/2019\/08\/IMG_9330-585x701.jpg 585w, https:\/\/zonaroja.com.mx\/wp-content\/uploads\/2019\/08\/IMG_9330.jpg 1080w\" sizes=\"(max-width: 854px) 100vw, 854px\" \/><\/figure>\n\n\n\n<p>De acuerdo\ncon las credenciales de elector encontradas, fueron identificadas como Carmela\nParral Santos, presidenta municipal de San Jos\u00e9 Estancia Grande, y Hugo\nCastellanos Ortega, delegado regional de la Coordinaci\u00f3n Estatal de Protecci\u00f3n\nCivil.<\/p>\n\n\n\n<p>Asimismo, en\nel lugar de los hechos se encontraron siete elementos bal\u00edsticos, dos de\ncalibre .38 s\u00faper, y cinco de calibre 7.62, as\u00ed como un cargador para pistola\nen mal estado.<\/p>\n\n\n\n<p>La Vicefiscal\u00eda\nRegional de la Costa, inici\u00f3 la carpeta de investigaci\u00f3n 28148\/FCOS\/RIO\/2019\npor el delito de homicidio, e inici\u00f3 las indagatorias.<\/p>\n\n\n\n<p>EN EL ISTMO<\/p>\n\n\n\n<figure class=\"wp-block-image\"><img decoding=\"async\" width=\"539\" height=\"231\" src=\"http:\/\/www.zonaroja.com.mx\/wp-content\/uploads\/2019\/08\/a0951d5d-60dc-4bc9-ba50-4c9baaf499b2.jpg\" alt=\"\" class=\"wp-image-3168\" srcset=\"https:\/\/zonaroja.com.mx\/wp-content\/uploads\/2019\/08\/a0951d5d-60dc-4bc9-ba50-4c9baaf499b2.jpg 539w, https:\/\/zonaroja.com.mx\/wp-content\/uploads\/2019\/08\/a0951d5d-60dc-4bc9-ba50-4c9baaf499b2-300x129.jpg 300w\" sizes=\"(max-width: 539px) 100vw, 539px\" \/><\/figure>\n\n\n\n<p>Por otra\nparte, alrededor de las 13:00 horas de este s\u00e1bado, en la calle Francisco I.\nMadero esquina con Matamoros, fue localizado un coche tipo Jetta, marca\nVolkswagen, color gris, en cuyo interior fueron hallados dos cuerpos, con\ndisparos de armas de fuego de grueso calibre.<\/p>\n\n\n\n<p>Uno de ellos\nde un joven, quien presentaba el rostro destrozado por los disparos;\npresuntamente ser\u00edan padre e hijo; uno de ellos fue identificado de manera\npreliminar como Jorge Rosado; una de las v\u00edctimas fue levantada por los propios\nfamiliares y llevado a su domicilio.<\/p>\n\n\n\n<p>La Vicefiscal\u00eda\nRegional del Istmo inici\u00f3 las indagatorias correspondientes; por este hecho la\nFiscal\u00eda General del Estado no ha emitido comunicado.<\/p>\n","protected":false},"excerpt":{"rendered":"<p>Redacci\u00f3n\/Zona Roja. Oaxaca de Ju\u00e1rez, Oax., 17 de agosto de 2019.- En tanto el Presidente&hellip;<\/p>\n","protected":false},"author":2,"featured_media":3166,"comment_status":"closed","ping_status":"open","sticky":false,"template":"","format":"standard","meta":{"_lmt_disableupdate":"","_lmt_disable":"","_jetpack_memberships_contains_paid_content":false,"footnotes":""},"categories":[109,51],"tags":[566,567],"class_list":["post-3165","post","type-post","status-publish","format-standard","has-post-thumbnail","hentry","category-minuto-a-minuto","category-zona-roja","tag-asesinan-a-presidenta-municipal-san-jose-estancia-grande","tag-ejecutan-a-dos-personas-en-el-espinal"],"jetpack_featured_media_url":"https:\/\/zonaroja.com.mx\/wp-content\/uploads\/2019\/08\/d82193d9-e7b4-4245-8bd0-b8e65f4faaaa.jpg","jetpack_sharing_enabled":true,"_links":{"self":[{"href":"https:\/\/zonaroja.com.mx\/index.php?rest_route=\/wp\/v2\/posts\/3165","targetHints":{"allow":["GET"]}}],"collection":[{"href":"https:\/\/zonaroja.com.mx\/index.php?rest_route=\/wp\/v2\/posts"}],"about":[{"href":"https:\/\/zonaroja.com.mx\/index.php?rest_route=\/wp\/v2\/types\/post"}],"author":[{"embeddable":true,"href":"https:\/\/zonaroja.com.mx\/index.php?rest_route=\/wp\/v2\/users\/2"}],"replies":[{"embeddable":true,"href":"https:\/\/zonaroja.com.mx\/index.php?rest_route=%2Fwp%2Fv2%2Fcomments&post=3165"}],"version-history":[{"count":1,"href":"https:\/\/zonaroja.com.mx\/index.php?rest_route=\/wp\/v2\/posts\/3165\/revisions"}],"predecessor-version":[{"id":3169,"href":"https:\/\/zonaroja.com.mx\/index.php?rest_route=\/wp\/v2\/posts\/3165\/revisions\/3169"}],"wp:featuredmedia":[{"embeddable":true,"href":"https:\/\/zonaroja.com.mx\/index.php?rest_route=\/wp\/v2\/media\/3166"}],"wp:attachment":[{"href":"https:\/\/zonaroja.com.mx\/index.php?rest_route=%2Fwp%2Fv2%2Fmedia&parent=3165"}],"wp:term":[{"taxonomy":"category","embeddable":true,"href":"https:\/\/zonaroja.com.mx\/index.php?rest_route=%2Fwp%2Fv2%2Fcategories&post=3165"},{"taxonomy":"post_tag","embeddable":true,"href":"https:\/\/zonaroja.com.mx\/index.php?rest_route=%2Fwp%2Fv2%2Ftags&post=3165"}],"curies":[{"name":"wp","href":"https:\/\/api.w.org\/{rel}","templated":true}]}}