{"id":31651,"date":"2021-09-04T12:30:30","date_gmt":"2021-09-04T17:30:30","guid":{"rendered":"http:\/\/www.zonaroja.com.mx\/?p=31651"},"modified":"2021-09-04T12:37:28","modified_gmt":"2021-09-04T17:37:28","slug":"demanda-congreso-al-gobierno-estatal-recontratacion-de-personal-medico","status":"publish","type":"post","link":"https:\/\/zonaroja.com.mx\/?p=31651","title":{"rendered":"Demanda Congreso al gobierno de Oaxaca recontrataci\u00f3n de personal m\u00e9dico"},"content":{"rendered":"\n<p>Redacci\u00f3n\/Zona Roja.<\/p>\n\n\n\n<p>Oaxaca de Ju\u00e1rez, Oax., 4 de septiembre de 2021.- A propuesta de la diputada Magaly L\u00f3pez Dom\u00ednguez, el Congreso local aprob\u00f3 un exhorto dirigido a los gobiernos federal y estatal, con el que se busca garantizar la continuidad de los servicios m\u00e9dicos en las comunidades de alta y muy alta marginaci\u00f3n en el estado de Oaxaca.<\/p>\n\n\n\n<p>El llamado legislativo solicita en primera instancia al gobernador Alejandro Murat Hinojosa, que de forma inmediata instruya lo necesario para la recontrataci\u00f3n inmediata de las y los profesionales de la salud del Programa U013 \u201cAtenci\u00f3n a la salud y medicamentos gratuitos para la poblaci\u00f3n sin seguridad social laboral\u201d.<\/p>\n\n\n\n<p>Asimismo, pide al director general del Instituto de Salud para el Bienestar, Juan Antonio Ferrer Aguilar, solicite que la Secretar\u00eda de Salud del Gobierno del Estado de Oaxaca le rinda cuentas sobre los recursos federales para la contrataci\u00f3n del personal de promoci\u00f3n de la salud y prevenci\u00f3n de enfermedades del programa en menci\u00f3n, ante la evidencia de que dicho personal no fue contratado.<\/p>\n\n\n\n<p>La Magaly L\u00f3pez Dom\u00ednguez lament\u00f3 que el gobierno estatal no priorice la atenci\u00f3n de comunidades de alta y muy alta marginaci\u00f3n en Oaxaca, en un contexto como lo es la pandemia por Covid-19, expuso que al menos 150 de esas trabajadoras y trabajadores de la salud est\u00e1n en la total incertidumbre laboral.<\/p>\n\n\n\n<p>Indic\u00f3 que el Gobierno del Estado de Oaxaca debe dar continuidad laboral a los trabajadores del extinto Seguro Popular e incorporarlos de manera progresiva al sistema de Salud como gestores de participaci\u00f3n social en salud, para que apoyen a los habitantes de las comunidades en actividades de promoci\u00f3n en salud y prevenci\u00f3n de la enfermedad, previa capacitaci\u00f3n.<\/p>\n\n\n\n<p>La diputada por Morena se\u00f1al\u00f3 que, a&nbsp; la fecha ha pasado m\u00e1s de un a\u00f1o y dos meses, sin que el Gobierno del Estado de Oaxaca, por conducto del Secretario de Salud y Director General de los Servicios de Salud de Oaxaca, el doctor Juan Carlos M\u00e1rquez Heine, haya dado cumplimiento a los oficios referidos en l\u00edneas que anteceden, violando flagrantemente el derecho fundamental y humano del trabajo socialmente \u00fatil de los trabajadores del extinto Seguro Popular, lo que ha afectado considerablemente su econom\u00eda.<\/p>\n\n\n\n<p>Finalmente, expres\u00f3 que es a\u00fan m\u00e1s grave el hecho de que, al no haberse contratado a ese personal, la promoci\u00f3n de la salud y la prevenci\u00f3n de enfermedades en las comunidades marginadas del estado no se ha realizado, dejando en riesgo a la poblaci\u00f3n oaxaque\u00f1a m\u00e1s vulnerable.<\/p>\n","protected":false},"excerpt":{"rendered":"<p>Redacci\u00f3n\/Zona Roja. Oaxaca de Ju\u00e1rez, Oax., 4 de septiembre de 2021.- A propuesta de la&hellip;<\/p>\n","protected":false},"author":2,"featured_media":31657,"comment_status":"closed","ping_status":"open","sticky":false,"template":"","format":"standard","meta":{"_lmt_disableupdate":"","_lmt_disable":"","_jetpack_memberships_contains_paid_content":false,"footnotes":""},"categories":[109,46],"tags":[192],"class_list":["post-31651","post","type-post","status-publish","format-standard","has-post-thumbnail","hentry","category-minuto-a-minuto","category-zona-blanca","tag-diputada-magaly-lopez-dominguez"],"jetpack_featured_media_url":"https:\/\/zonaroja.com.mx\/wp-content\/uploads\/2021\/09\/Magaly-Lopez-D.jpg","jetpack_sharing_enabled":true,"_links":{"self":[{"href":"https:\/\/zonaroja.com.mx\/index.php?rest_route=\/wp\/v2\/posts\/31651","targetHints":{"allow":["GET"]}}],"collection":[{"href":"https:\/\/zonaroja.com.mx\/index.php?rest_route=\/wp\/v2\/posts"}],"about":[{"href":"https:\/\/zonaroja.com.mx\/index.php?rest_route=\/wp\/v2\/types\/post"}],"author":[{"embeddable":true,"href":"https:\/\/zonaroja.com.mx\/index.php?rest_route=\/wp\/v2\/users\/2"}],"replies":[{"embeddable":true,"href":"https:\/\/zonaroja.com.mx\/index.php?rest_route=%2Fwp%2Fv2%2Fcomments&post=31651"}],"version-history":[{"count":2,"href":"https:\/\/zonaroja.com.mx\/index.php?rest_route=\/wp\/v2\/posts\/31651\/revisions"}],"predecessor-version":[{"id":31658,"href":"https:\/\/zonaroja.com.mx\/index.php?rest_route=\/wp\/v2\/posts\/31651\/revisions\/31658"}],"wp:featuredmedia":[{"embeddable":true,"href":"https:\/\/zonaroja.com.mx\/index.php?rest_route=\/wp\/v2\/media\/31657"}],"wp:attachment":[{"href":"https:\/\/zonaroja.com.mx\/index.php?rest_route=%2Fwp%2Fv2%2Fmedia&parent=31651"}],"wp:term":[{"taxonomy":"category","embeddable":true,"href":"https:\/\/zonaroja.com.mx\/index.php?rest_route=%2Fwp%2Fv2%2Fcategories&post=31651"},{"taxonomy":"post_tag","embeddable":true,"href":"https:\/\/zonaroja.com.mx\/index.php?rest_route=%2Fwp%2Fv2%2Ftags&post=31651"}],"curies":[{"name":"wp","href":"https:\/\/api.w.org\/{rel}","templated":true}]}}