{"id":31654,"date":"2021-09-04T12:36:04","date_gmt":"2021-09-04T17:36:04","guid":{"rendered":"http:\/\/www.zonaroja.com.mx\/?p=31654"},"modified":"2021-09-04T12:36:08","modified_gmt":"2021-09-04T17:36:08","slug":"reprocha-universidad-comunal-sentencia-de-scjn-exige-trato-digno-a-proceso-formativo","status":"publish","type":"post","link":"https:\/\/zonaroja.com.mx\/?p=31654","title":{"rendered":"Reprocha Universidad Comunal sentencia de SCJN; exige trato digno a proceso formativo"},"content":{"rendered":"\n<p>Evlin Arag\u00f3n\/Zona Roja.<\/p>\n\n\n\n<p>Oaxaca de Ju\u00e1rez, Oax., 4 de septiembre de 2021.- Autoridades de la Universidad Aut\u00f3noma Comunal de Oaxaca (UACO) exigieron un trato de respeto digno por parte de todas las instituciones gubernamental del pa\u00eds, adem\u00e1s de atenci\u00f3n inmediata del gobernador Alejandro Murat Hinojosa.<\/p>\n\n\n\n<p>Lo anterior, tras la reciente sentencia emitida por la Suprema Corte de Justicia de la Naci\u00f3n (SCJN), que invalid\u00f3 el Decreto 1201 por medio del cual el Congreso local expidi\u00f3 la Ley Org\u00e1nica de la instituci\u00f3n, debido a la falta de consulta previa, conforme lo marcan las normatividades nacionales e internacionales.&nbsp;&nbsp;&nbsp;<\/p>\n\n\n\n<p>En un documento firmado por el rector de la UACO, Jaime Mart\u00ednez Luna, y el secretario t\u00e9cnico de la Asamblea Acad\u00e9mica Universitaria, Rigoberto V\u00e1squez Garc\u00eda, explicaron que la consulta &#8211;tal y como es nombrada en la normatividad vigente&#8211; la han padecido como una imposici\u00f3n de una visi\u00f3n colonialista que ofende a sus pueblos y no respeta ni reconoce el ejercicio de autonom\u00eda y libre determinaci\u00f3n.<\/p>\n\n\n\n<p>Por lo que aseguran el dictamen de la SCJN busca examinar si el aborigen tiene la capacidad de determinarse libremente, en los t\u00e9rminos liberales que gobiernan su pensamiento, ello a sabiendas que la UACO surgi\u00f3 de las comunidades y no de un escritorio gubernamental.&nbsp;&nbsp;<\/p>\n\n\n\n<p>Explicaron que la universidad es resultado de un proceso de d\u00e9cadas de reflexi\u00f3n y organizaci\u00f3n el cual encontr\u00f3 en la 64 Legislatura de Oaxaca la sensibilidad necesaria para ser reconocido jur\u00eddicamente y dar paso a la conformaci\u00f3n de la Universidad Comunal que busca reconocer la experiencia de cinco siglos de resistencia por parte de los pueblos y comunidades ind\u00edgenas.&nbsp;<\/p>\n\n\n\n<p>Por lo anterior, solicitaron a la C\u00e1mara de Diputados trazar una ruta para subsanar a la mayor brevedad posible los requerimientos que se le planteen, exigiendo a cabio el respeto absoluto a sus lenguajes y comunalidad que cuentan con una profunda claridad desde tiempos ancestrales.&nbsp;<\/p>\n\n\n\n<p>En este sentido, defendieron los principios que fundamenta la comunalidad toda vez que se trata de un pensamiento que cuestiona en lo profundo la individualidad que sostiene en el presente el r\u00e9gimen de derecho liberal, incluso en los documentos internacionales que validan razonamientos hegem\u00f3nicos&nbsp;<\/p>\n\n\n\n<p>Finalmente, se comprometieron a coadyuvar en el cumplimiento de la resoluci\u00f3n judicial, sin embargo, exigieron ser respetados en la manifiesta defensa de sus territorios, la vida y sus formas de actuar y pensar.&nbsp;<\/p>\n\n\n\n<p>\u201cSabemos lo dif\u00edcil que puede parecer esta situaci\u00f3n dentro del pensar liberal, pero no es imposible de lograr. Basta con reconocer la fundamentaci\u00f3n de nuestro conocimiento ancestral\u201d, refirieron.&nbsp;&nbsp;<\/p>\n","protected":false},"excerpt":{"rendered":"<p>Evlin Arag\u00f3n\/Zona Roja. Oaxaca de Ju\u00e1rez, Oax., 4 de septiembre de 2021.- Autoridades de la&hellip;<\/p>\n","protected":false},"author":2,"featured_media":31655,"comment_status":"closed","ping_status":"open","sticky":false,"template":"","format":"standard","meta":{"_lmt_disableupdate":"","_lmt_disable":"","_jetpack_memberships_contains_paid_content":false,"footnotes":""},"categories":[109,47],"tags":[1982],"class_list":["post-31654","post","type-post","status-publish","format-standard","has-post-thumbnail","hentry","category-minuto-a-minuto","category-zona-gris","tag-universidad-autonoma-comunal-de-oaxaca"],"jetpack_featured_media_url":"https:\/\/zonaroja.com.mx\/wp-content\/uploads\/2021\/09\/Replica-Universidad-Comunal-Oaxaca.jpg","jetpack_sharing_enabled":true,"_links":{"self":[{"href":"https:\/\/zonaroja.com.mx\/index.php?rest_route=\/wp\/v2\/posts\/31654","targetHints":{"allow":["GET"]}}],"collection":[{"href":"https:\/\/zonaroja.com.mx\/index.php?rest_route=\/wp\/v2\/posts"}],"about":[{"href":"https:\/\/zonaroja.com.mx\/index.php?rest_route=\/wp\/v2\/types\/post"}],"author":[{"embeddable":true,"href":"https:\/\/zonaroja.com.mx\/index.php?rest_route=\/wp\/v2\/users\/2"}],"replies":[{"embeddable":true,"href":"https:\/\/zonaroja.com.mx\/index.php?rest_route=%2Fwp%2Fv2%2Fcomments&post=31654"}],"version-history":[{"count":1,"href":"https:\/\/zonaroja.com.mx\/index.php?rest_route=\/wp\/v2\/posts\/31654\/revisions"}],"predecessor-version":[{"id":31656,"href":"https:\/\/zonaroja.com.mx\/index.php?rest_route=\/wp\/v2\/posts\/31654\/revisions\/31656"}],"wp:featuredmedia":[{"embeddable":true,"href":"https:\/\/zonaroja.com.mx\/index.php?rest_route=\/wp\/v2\/media\/31655"}],"wp:attachment":[{"href":"https:\/\/zonaroja.com.mx\/index.php?rest_route=%2Fwp%2Fv2%2Fmedia&parent=31654"}],"wp:term":[{"taxonomy":"category","embeddable":true,"href":"https:\/\/zonaroja.com.mx\/index.php?rest_route=%2Fwp%2Fv2%2Fcategories&post=31654"},{"taxonomy":"post_tag","embeddable":true,"href":"https:\/\/zonaroja.com.mx\/index.php?rest_route=%2Fwp%2Fv2%2Ftags&post=31654"}],"curies":[{"name":"wp","href":"https:\/\/api.w.org\/{rel}","templated":true}]}}