{"id":31659,"date":"2021-09-04T13:22:09","date_gmt":"2021-09-04T18:22:09","guid":{"rendered":"http:\/\/www.zonaroja.com.mx\/?p=31659"},"modified":"2021-09-04T13:22:13","modified_gmt":"2021-09-04T18:22:13","slug":"supuestos-estudiantes-encapuchados-roban-y-saquean-mercancia-en-oaxaca","status":"publish","type":"post","link":"https:\/\/zonaroja.com.mx\/?p=31659","title":{"rendered":"Supuestos estudiantes encapuchados roban y saquean mercanc\u00eda en Oaxaca"},"content":{"rendered":"\n<p>Evlin Arag\u00f3n\/Zona Roja.<\/p>\n\n\n\n<p>Oaxaca de Ju\u00e1rez, Oax., 4 de septiembre de 2021.- Sin explicar el motivo de la protesta, la ma\u00f1ana de este s\u00e1bado un grupo de j\u00f3venes, presuntamente normalistas, interceptaron camiones de diversos productos comestibles y los retuvieron al interior del Centro Regional de Educaci\u00f3n Normal de Oaxaca (CRENO), donde adem\u00e1s los saquearon.&nbsp;<\/p>\n\n\n\n<p>Fue desde las ocho de la ma\u00f1ana que se reportaron las primeras acciones violentas por parte del grupo de j\u00f3venes, en su mayor\u00eda cubiertos del rostro y sin dar informaci\u00f3n sobre su jornada de protesta, quienes de primera cuenta se apoderaron de al menos seis unidades de transporte p\u00fablico.<\/p>\n\n\n\n<figure class=\"wp-block-embed-twitter wp-block-embed is-type-rich is-provider-twitter\"><div class=\"wp-block-embed__wrapper\">\n<div class=\"twitter-tweet\"><blockquote class=\"twitter-tweet\" data-lang=\"es\"><p lang=\"es\" dir=\"ltr\"><a href=\"https:\/\/twitter.com\/hashtag\/%C3%9AltimoMinuto?src=hash&amp;ref_src=twsrc%5Etfw\">#\u00daltimoMinuto<\/a> <br>1. Supuestos normalistas roban camiones de mercanc\u00eda en la ciudad de <a href=\"https:\/\/twitter.com\/hashtag\/Oaxaca?src=hash&amp;ref_src=twsrc%5Etfw\">#Oaxaca<\/a> y retienen autobuses de transporte. <br>Bajo protecci\u00f3n del director, los introducen al Centro Regional de Educaci\u00f3n y los saquean. <a href=\"https:\/\/t.co\/cnUeCNLj7u\">pic.twitter.com\/cnUeCNLj7u<\/a><\/p>&mdash; Zona Roja Oaxaca (@Zona_Roja_Oax) <a href=\"https:\/\/twitter.com\/Zona_Roja_Oax\/status\/1434177750403780614?ref_src=twsrc%5Etfw\">4 de septiembre de 2021<\/a><\/blockquote><\/div>\n<\/div><\/figure>\n\n\n\n<p>Posteriormente se report\u00f3 la retenci\u00f3n de unidades de las empresas de Bimbo, Gamesa, Sabritas y Coca Cola de manera violenta, las cuales ingresaron a las instalaciones acad\u00e9micas para posteriormente saquear el producto que trasladaban, todo bajo la protecci\u00f3n del director del plantel Juan Guti\u00e9rrez.&nbsp;<\/p>\n\n\n\n<p>Lo anterior ocasion\u00f3 la presencia de personal de la Secretar\u00eda de Seguridad P\u00fablica (SSPO) a inmediaciones de la instituci\u00f3n educativa, y fue a trav\u00e9s de sus redes sociales que la dependencia comparti\u00f3 que actuaron de forma oportuna para detener a un grupo de normalistas que se preparaba para salir en una unidad de motor cargada de bombas molotov, cohetones y piedras.<\/p>\n\n\n\n<figure class=\"wp-block-embed-twitter wp-block-embed is-type-rich is-provider-twitter\"><div class=\"wp-block-embed__wrapper\">\n<div class=\"twitter-tweet\"><blockquote class=\"twitter-tweet\" data-lang=\"es\"><p lang=\"es\" dir=\"ltr\"><a href=\"https:\/\/twitter.com\/hashtag\/%C3%9AltimoMinuto?src=hash&amp;ref_src=twsrc%5Etfw\">#\u00daltimoMinuto<\/a> <br>As\u00ed fueron interceptados por la <a href=\"https:\/\/twitter.com\/Policia_GobOax?ref_src=twsrc%5Etfw\">@Policia_GobOax<\/a> los supuestos estudiantes, encapuchados y cargados de bombas molotov y cohetes.<br>Pese al di\u00e1logo del comisionado, se comportaron de manera agresiva con los uniformados. <a href=\"https:\/\/t.co\/UVXOYrcOaf\">pic.twitter.com\/UVXOYrcOaf<\/a><\/p>&mdash; Zona Roja Oaxaca (@Zona_Roja_Oax) <a href=\"https:\/\/twitter.com\/Zona_Roja_Oax\/status\/1434202544834760708?ref_src=twsrc%5Etfw\">4 de septiembre de 2021<\/a><\/blockquote><\/div>\n<\/div><\/figure>\n\n\n\n<p>La presencia de los elementos policiacos ocasion\u00f3 que se generaran momentos de tensi\u00f3n en la avenida Antiguo Camino a San Felipe, donde incluso se report\u00f3 la detonaci\u00f3n de cohetones lo cual alert\u00f3 a la poblaci\u00f3n, sin embargo, la tranquilidad regreso al lugar.&nbsp;<\/p>\n\n\n\n<p>Fue Ra\u00fal Antonio Castillejos Sol\u00eds, comisionado de la Polic\u00eda Estatal, quien arrib\u00f3 al lugar para establecer di\u00e1logo con los j\u00f3venes, ah\u00ed cuestion\u00f3 el proceder de la manifestaci\u00f3n y asegur\u00f3 se actuar\u00e1 en consecuencia debido a las afectaciones ocasionadas al sector privado.&nbsp;<\/p>\n\n\n\n<p>\u201cLos muchachos en su ignorancia total no entienden que el hartazgo de la sociedad -debido a las protestas- ya tiene un l\u00edmite. Por eso hay que actuar, es una obligaci\u00f3n\u201d, refiri\u00f3 tras el operativo implementado.&nbsp;<\/p>\n\n\n\n<p>El funcionario detall\u00f3 que no se oponen a las manifestaciones, por el contrario, son reconocidas como un derecho, sin embargo, al momento que se vuelven violenta y da\u00f1an a terceras personas es cuando se vuelve necesaria la actuaci\u00f3n de las autoridades competentes.\u00a0<\/p>\n\n\n\n<figure class=\"wp-block-embed-twitter wp-block-embed is-type-rich is-provider-twitter\"><div class=\"wp-block-embed__wrapper\">\n<div class=\"twitter-tweet\"><blockquote class=\"twitter-tweet\" data-lang=\"es\"><p lang=\"es\" dir=\"ltr\"><a href=\"https:\/\/twitter.com\/hashtag\/%C3%9AltimoMinuto?src=hash&amp;ref_src=twsrc%5Etfw\">#\u00daltimoMinuto<\/a> <br>Tras robar mercanc\u00eda y saquear  unidades retenidas, los supuestos estudiantes normalistas liberaron los veh\u00edculos de empresas privadas.<br>Periodistas que grababan el momento del hurto, fueron agredidos a pedradas en el Centro Regional de Educaci\u00f3n Normal de <a href=\"https:\/\/twitter.com\/hashtag\/Oaxaca?src=hash&amp;ref_src=twsrc%5Etfw\">#Oaxaca<\/a>. <a href=\"https:\/\/t.co\/xQkcEsaWzO\">pic.twitter.com\/xQkcEsaWzO<\/a><\/p>&mdash; Zona Roja Oaxaca (@Zona_Roja_Oax) <a href=\"https:\/\/twitter.com\/Zona_Roja_Oax\/status\/1434218366110142464?ref_src=twsrc%5Etfw\">4 de septiembre de 2021<\/a><\/blockquote><\/div>\n<\/div><\/figure>\n\n\n\n<p>\u201cCon el apoyo de nuestra @Policia_GobOax logramos liberar calzada San Felipe, a la altura del CRENO. Exhortamos a manifestantes que lleven a cabo su gesti\u00f3n por la v\u00eda pac\u00edfica, no agredir derecho de terceros\u201d, refiri\u00f3 la autoridad en sus redes sociales.&nbsp;<\/p>\n\n\n\n<p>Los supuestos normalistas contin\u00faan pertrechados en el interior del CRENO y se prev\u00e9 que realicen m\u00e1s acciones vand\u00e1licas.<\/p>\n","protected":false},"excerpt":{"rendered":"<p>Evlin Arag\u00f3n\/Zona Roja. Oaxaca de Ju\u00e1rez, Oax., 4 de septiembre de 2021.- Sin explicar el&hellip;<\/p>\n","protected":false},"author":2,"featured_media":31660,"comment_status":"closed","ping_status":"open","sticky":false,"template":"","format":"standard","meta":{"_lmt_disableupdate":"","_lmt_disable":"","_jetpack_memberships_contains_paid_content":false,"footnotes":""},"categories":[109,47],"tags":[],"class_list":["post-31659","post","type-post","status-publish","format-standard","has-post-thumbnail","hentry","category-minuto-a-minuto","category-zona-gris"],"jetpack_featured_media_url":"https:\/\/zonaroja.com.mx\/wp-content\/uploads\/2021\/09\/Normalistas-violentos-Oaxaca-CRENO.jpg","jetpack_sharing_enabled":true,"_links":{"self":[{"href":"https:\/\/zonaroja.com.mx\/index.php?rest_route=\/wp\/v2\/posts\/31659","targetHints":{"allow":["GET"]}}],"collection":[{"href":"https:\/\/zonaroja.com.mx\/index.php?rest_route=\/wp\/v2\/posts"}],"about":[{"href":"https:\/\/zonaroja.com.mx\/index.php?rest_route=\/wp\/v2\/types\/post"}],"author":[{"embeddable":true,"href":"https:\/\/zonaroja.com.mx\/index.php?rest_route=\/wp\/v2\/users\/2"}],"replies":[{"embeddable":true,"href":"https:\/\/zonaroja.com.mx\/index.php?rest_route=%2Fwp%2Fv2%2Fcomments&post=31659"}],"version-history":[{"count":1,"href":"https:\/\/zonaroja.com.mx\/index.php?rest_route=\/wp\/v2\/posts\/31659\/revisions"}],"predecessor-version":[{"id":31661,"href":"https:\/\/zonaroja.com.mx\/index.php?rest_route=\/wp\/v2\/posts\/31659\/revisions\/31661"}],"wp:featuredmedia":[{"embeddable":true,"href":"https:\/\/zonaroja.com.mx\/index.php?rest_route=\/wp\/v2\/media\/31660"}],"wp:attachment":[{"href":"https:\/\/zonaroja.com.mx\/index.php?rest_route=%2Fwp%2Fv2%2Fmedia&parent=31659"}],"wp:term":[{"taxonomy":"category","embeddable":true,"href":"https:\/\/zonaroja.com.mx\/index.php?rest_route=%2Fwp%2Fv2%2Fcategories&post=31659"},{"taxonomy":"post_tag","embeddable":true,"href":"https:\/\/zonaroja.com.mx\/index.php?rest_route=%2Fwp%2Fv2%2Ftags&post=31659"}],"curies":[{"name":"wp","href":"https:\/\/api.w.org\/{rel}","templated":true}]}}