{"id":31662,"date":"2021-09-04T13:26:10","date_gmt":"2021-09-04T18:26:10","guid":{"rendered":"http:\/\/www.zonaroja.com.mx\/?p=31662"},"modified":"2021-09-04T13:26:13","modified_gmt":"2021-09-04T18:26:13","slug":"la-ensfo-vuelve-a-protestas-director-acusado-de-corrupcion","status":"publish","type":"post","link":"https:\/\/zonaroja.com.mx\/?p=31662","title":{"rendered":"La ENSFO vuelve a protestas; director, acusado de corrupci\u00f3n"},"content":{"rendered":"\n<p>Redacci\u00f3n\/Zona Roja.<\/p>\n\n\n\n<p>Oaxaca de Ju\u00e1rez, Oax., 4 de septiembre de 2021.- Docentes-estudiantes de la Escuela Normal Superior Federal de Oaxaca (ENSFO) volvieron a las protestas este s\u00e1bado, para exigir pago de supuestos adeudos a asesores.<\/p>\n\n\n\n<p>Despu\u00e9s del mediod\u00eda, iniciaron una marcha de la fuente de las Ocho Regiones hacia el centro de la ciudad capital, para enarbolar sus demandas y exigir respuesta de las autoridades.<\/p>\n\n\n\n<p>En v\u00edspera de ello, los propios trabajadores de la ENSFO denunciaron al director de la instituci\u00f3n, Efr\u00e9n Avecillas, por presuntos actos de corrupci\u00f3n.<\/p>\n\n\n\n<p>Mediante documentos v\u00eda circulada v\u00eda redes sociales, expusieron que el funcionario se niega a firmar la convocatoria legal correspondiente al ciclo escolar 2021-2022.<\/p>\n\n\n\n<p>Se\u00f1alan que la convocatoria emitida \u00abda\u00f1a sus intereses econ\u00f3micos, prefiere seguir con sus intentos de extorsi\u00f3n\u00bb.<\/p>\n\n\n\n<p>Esto luego de vencerse el plazo el pasado 25 de julio como fecha para entregar documentos y fichas.<\/p>\n\n\n\n<p>Cabe recordar que el director de esta instituci\u00f3n y un grupo de trabajadores realizaron una protesta en el crucero del aeropuerto y en San Felipe del Agua el pasado 28 de julio, donde exig\u00edan el pago de recursos y la emisi\u00f3n de la convocatoria del nuevo ciclo escolar pese a que Avecillas se neg\u00f3 a firmarla.<\/p>\n\n\n\n<p>Por estos hechos, solicitan la intervenci\u00f3n de las autoridades correspondientes para iniciar investigaciones contra el funcionario y dar cumplimiento a los tr\u00e1mites para no afectar a estudiantes de esta normal.<\/p>\n\n\n\n<p>No obstante, en reiteradas ocasiones el Instituto Estatal de Educaci\u00f3n P\u00fablica de Oaxaca ha informado que no tiene adeudos ni pendientes con la ENSFO y que no pagar\u00e1 a supuestos asesores contratados de manera externa y sin autorizaci\u00f3n oficial, pues adem\u00e1s el plantel cuenta con el personal suficiente.<\/p>\n","protected":false},"excerpt":{"rendered":"<p>Redacci\u00f3n\/Zona Roja. Oaxaca de Ju\u00e1rez, Oax., 4 de septiembre de 2021.- Docentes-estudiantes de la Escuela&hellip;<\/p>\n","protected":false},"author":2,"featured_media":31663,"comment_status":"closed","ping_status":"open","sticky":false,"template":"","format":"standard","meta":{"_lmt_disableupdate":"","_lmt_disable":"","_jetpack_memberships_contains_paid_content":false,"footnotes":""},"categories":[109,47],"tags":[2801],"class_list":["post-31662","post","type-post","status-publish","format-standard","has-post-thumbnail","hentry","category-minuto-a-minuto","category-zona-gris","tag-escuela-normal-superior-federal-de-oaxaca-ensfo"],"jetpack_featured_media_url":"https:\/\/zonaroja.com.mx\/wp-content\/uploads\/2021\/09\/Protesta-ENSFO.jpg","jetpack_sharing_enabled":true,"_links":{"self":[{"href":"https:\/\/zonaroja.com.mx\/index.php?rest_route=\/wp\/v2\/posts\/31662","targetHints":{"allow":["GET"]}}],"collection":[{"href":"https:\/\/zonaroja.com.mx\/index.php?rest_route=\/wp\/v2\/posts"}],"about":[{"href":"https:\/\/zonaroja.com.mx\/index.php?rest_route=\/wp\/v2\/types\/post"}],"author":[{"embeddable":true,"href":"https:\/\/zonaroja.com.mx\/index.php?rest_route=\/wp\/v2\/users\/2"}],"replies":[{"embeddable":true,"href":"https:\/\/zonaroja.com.mx\/index.php?rest_route=%2Fwp%2Fv2%2Fcomments&post=31662"}],"version-history":[{"count":1,"href":"https:\/\/zonaroja.com.mx\/index.php?rest_route=\/wp\/v2\/posts\/31662\/revisions"}],"predecessor-version":[{"id":31664,"href":"https:\/\/zonaroja.com.mx\/index.php?rest_route=\/wp\/v2\/posts\/31662\/revisions\/31664"}],"wp:featuredmedia":[{"embeddable":true,"href":"https:\/\/zonaroja.com.mx\/index.php?rest_route=\/wp\/v2\/media\/31663"}],"wp:attachment":[{"href":"https:\/\/zonaroja.com.mx\/index.php?rest_route=%2Fwp%2Fv2%2Fmedia&parent=31662"}],"wp:term":[{"taxonomy":"category","embeddable":true,"href":"https:\/\/zonaroja.com.mx\/index.php?rest_route=%2Fwp%2Fv2%2Fcategories&post=31662"},{"taxonomy":"post_tag","embeddable":true,"href":"https:\/\/zonaroja.com.mx\/index.php?rest_route=%2Fwp%2Fv2%2Ftags&post=31662"}],"curies":[{"name":"wp","href":"https:\/\/api.w.org\/{rel}","templated":true}]}}