{"id":31665,"date":"2021-09-05T08:40:00","date_gmt":"2021-09-05T13:40:00","guid":{"rendered":"http:\/\/www.zonaroja.com.mx\/?p=31665"},"modified":"2021-09-04T20:41:33","modified_gmt":"2021-09-05T01:41:33","slug":"al-menos-tres-mujeres-y-sus-hijas-reportadas-como-desaparecidas","status":"publish","type":"post","link":"https:\/\/zonaroja.com.mx\/?p=31665","title":{"rendered":"Al menos tres mujeres y sus hijas, reportadas como desaparecidas"},"content":{"rendered":"\n<p>Evlin Arag\u00f3n\/Zona Roja.<\/p>\n\n\n\n<p>Oaxaca de Ju\u00e1rez, Oax., 5 de septiembre de 2021.- La Alerta Rosa fue activada el pasado 1 de septiembre luego de la desaparici\u00f3n de Noeli Ordaz Ram\u00edrez, de 18 a\u00f1os de edad, quien se encontraba en compa\u00f1\u00eda de Naomi de Jes\u00fas y Yolot Guadalupe, ambas de apellido Mart\u00ednez Ordaz y de solo dos a\u00f1os de edad.&nbsp;<\/p>\n\n\n\n<p>Los hechos fueron denunciados ante la autoridad correspondiente en el municipio de Ocotl\u00e1n de Morelos, donde fueron vistas por \u00faltima vez, y fue la Fiscal\u00eda General del Estado de Oaxaca la que emiti\u00f3 la ficha de b\u00fasqueda con la alerta incluida.&nbsp;<\/p>\n\n\n\n<p>Un d\u00eda antes tambi\u00e9n fueron reportadas como no localizadas Mar\u00eda de Jes\u00fas Miguel P\u00e9rez, de 24 a\u00f1os de edad, y su peque\u00f1a hija Yatziri de Jes\u00fas Corrales Miguel, de solo siete a\u00f1os, quienes fueron vistas por \u00faltima vez en el municipio de San Juan Bautista Tuxtepec.&nbsp;<\/p>\n\n\n\n<p>Previamente, Yesenia Guadalupe Albores Espinoza, de 36 a\u00f1os de edad, fue reportada como desaparecida en el municipio de Juchit\u00e1n de Zaragoza, perteneciente a la regi\u00f3n del Istmo de Tehuantepec.&nbsp;<\/p>\n\n\n\n<p>El 29 de agosto, Dalia Ju\u00e1rez Almaraz, de 18 de a\u00f1os de edad, fue vista por \u00faltima vez en el municipio de Santa Mar\u00eda Tonameca.<\/p>\n\n\n\n<p>De acuerdo con la informaci\u00f3n proporcionada por su familia, la joven vest\u00eda una blusa color vino con estampado de flores color gris, falda amplia color negro y calzaba guaraches color crema.<\/p>\n\n\n\n<p>A la lista de madres desaparecidas tambi\u00e9n se incluye Evelyn Jakeline Hern\u00e1ndez Ruiz, de 18 a\u00f1os de edad, quien fue vista por \u00faltima vez el 23 de agosto en el centro de la ciudad de Oaxaca, en compa\u00f1\u00eda de su peque\u00f1a hija Hanna Hern\u00e1ndez Ru\u00edz, de un a\u00f1o de edad.&nbsp;<\/p>\n\n\n\n<p>Destacan los casos de las menores Mariana Ru\u00edz V\u00e1squez, de 16 a\u00f1os de edad, desaparecida en el puerto de Salina Cruz; y Aquetzally Sayuri Mauro Garc\u00eda, de 11 a\u00f1os de edad, quien fue vista por \u00faltima vez en el municipio de la Villa de Zaachila.<\/p>\n\n\n\n<p>Asimismo, Karla Esmeralda Barrera Cruz, de 15 a\u00f1os de edad, de quien se perdi\u00f3 el rastro a inicios del mes de agosto, en inmediaciones de Puerto Escondido, perteneciente al municipio de San Pedro Mixtepec.&nbsp;<\/p>\n\n\n\n<p>Finalmente, Natividad Alondra Z\u00e1rate Mart\u00ednez, de 14 a\u00f1os de edad, quien fue vista por \u00faltima vez el 2 de agosto en la agencia de San Mart\u00edn Mexicapan, de la ciudad de Oaxaca de Ju\u00e1rez, cuya ficha a\u00fan se encuentra activa en la Unidad de B\u00fasqueda de Personas Desaparecidas y No Localizadas (DNOL).&nbsp;<\/p>\n","protected":false},"excerpt":{"rendered":"<p>Evlin Arag\u00f3n\/Zona Roja. Oaxaca de Ju\u00e1rez, Oax., 5 de septiembre de 2021.- La Alerta Rosa&hellip;<\/p>\n","protected":false},"author":2,"featured_media":31666,"comment_status":"closed","ping_status":"open","sticky":false,"template":"","format":"standard","meta":{"_lmt_disableupdate":"","_lmt_disable":"","_jetpack_memberships_contains_paid_content":false,"footnotes":""},"categories":[109,47],"tags":[455],"class_list":["post-31665","post","type-post","status-publish","format-standard","has-post-thumbnail","hentry","category-minuto-a-minuto","category-zona-gris","tag-mujeres-desaparecidas-oaxaca"],"jetpack_featured_media_url":"https:\/\/zonaroja.com.mx\/wp-content\/uploads\/2021\/09\/Desaparecidas-Oaxaca.jpg","jetpack_sharing_enabled":true,"_links":{"self":[{"href":"https:\/\/zonaroja.com.mx\/index.php?rest_route=\/wp\/v2\/posts\/31665","targetHints":{"allow":["GET"]}}],"collection":[{"href":"https:\/\/zonaroja.com.mx\/index.php?rest_route=\/wp\/v2\/posts"}],"about":[{"href":"https:\/\/zonaroja.com.mx\/index.php?rest_route=\/wp\/v2\/types\/post"}],"author":[{"embeddable":true,"href":"https:\/\/zonaroja.com.mx\/index.php?rest_route=\/wp\/v2\/users\/2"}],"replies":[{"embeddable":true,"href":"https:\/\/zonaroja.com.mx\/index.php?rest_route=%2Fwp%2Fv2%2Fcomments&post=31665"}],"version-history":[{"count":1,"href":"https:\/\/zonaroja.com.mx\/index.php?rest_route=\/wp\/v2\/posts\/31665\/revisions"}],"predecessor-version":[{"id":31667,"href":"https:\/\/zonaroja.com.mx\/index.php?rest_route=\/wp\/v2\/posts\/31665\/revisions\/31667"}],"wp:featuredmedia":[{"embeddable":true,"href":"https:\/\/zonaroja.com.mx\/index.php?rest_route=\/wp\/v2\/media\/31666"}],"wp:attachment":[{"href":"https:\/\/zonaroja.com.mx\/index.php?rest_route=%2Fwp%2Fv2%2Fmedia&parent=31665"}],"wp:term":[{"taxonomy":"category","embeddable":true,"href":"https:\/\/zonaroja.com.mx\/index.php?rest_route=%2Fwp%2Fv2%2Fcategories&post=31665"},{"taxonomy":"post_tag","embeddable":true,"href":"https:\/\/zonaroja.com.mx\/index.php?rest_route=%2Fwp%2Fv2%2Ftags&post=31665"}],"curies":[{"name":"wp","href":"https:\/\/api.w.org\/{rel}","templated":true}]}}