{"id":31668,"date":"2021-09-05T08:53:57","date_gmt":"2021-09-05T13:53:57","guid":{"rendered":"http:\/\/www.zonaroja.com.mx\/?p=31668"},"modified":"2021-09-05T09:10:57","modified_gmt":"2021-09-05T14:10:57","slug":"opinion-perdonanos-maestro","status":"publish","type":"post","link":"https:\/\/zonaroja.com.mx\/?p=31668","title":{"rendered":"Opini\u00f3n. Perd\u00f3nanos, maestro"},"content":{"rendered":"\n<p>Porfirio Flores*<\/p>\n\n\n\n<p>Te fuiste hace apenas veinticuatro meses y parece que hemos olvidado tu memoria. La amnesia se ha expandido como el sol que cubre todo. No recordamos que cuando quisieron mancillar esta ciudad poniendo un horrendo monumento del Quijote, te levantaste y alzaste la voz para defender la ciudad, tu ciudad, que adoptaste para cuidarla como una nodriza.<\/p>\n\n\n\n<p>Era la d\u00e9cada de los noventa y enfrentaste al gobernador y sus servidores p\u00fablicos que tienen la idea equivocada de hacer todo lo que hacen y decir que todo va bien. No puede ser de otra manera sus colaboradores han renunciado a contradecirlos para no caer en el error.<\/p>\n\n\n\n<p>Perd\u00f3nanos, porque ya se nos olvid\u00f3 tu lucha formidable para que un Mc Donald\u2019s no se instalara en el coraz\u00f3n de la ciudad, hoy ultrajado por un presidente municipal que lo ha convertido en un tianguis donde lo mismo se vende comida que ropa china y ch\u00e1charas al por mayor. En los atrios de la Catedral podr\u00eda aparecer Jes\u00fas y hacer un azote de cuerdas.<\/p>\n\n\n\n<p>No te import\u00f3, maestro, enfrentar los poderes econ\u00f3micos y pol\u00edticos y venciste porque eras un formidable guerrero que bland\u00edas siempre la raz\u00f3n y la justicia ante todos aquellos que ve\u00edan siempre todo con ojos de inter\u00e9s: qu\u00e9 se gana y qu\u00e9 se pierde, como si la vida consistiera solo en hacer dinero.<\/p>\n\n\n\n<p>Perd\u00f3nanos, porque tambi\u00e9n hemos enterrado tu lucha para evitar la consumaci\u00f3n de la deforestaci\u00f3n del cerro del Fort\u00edn icono y pulm\u00f3n de esta ciudad, por una caterva de empresarios que piensan que el dinero puede servir para respirar y que los \u00e1rboles son simples accesorios que se pueden eliminar sin ninguna consecuencia.<\/p>\n\n\n\n<p>Te fuiste hace dos a\u00f1os y el Andador Tur\u00edstico proyectado para admirar la belleza y la historia de esta ciudad fue convertido en unos cuantos meses por un presidente municipal insensible en un gran escaparate de lo indecente que resulta trocar el amor por estas calles por unos cuantos pesos.<\/p>\n\n\n\n<p>Han convertido a Oaxaca en un lugar donde lo mismos se incineran puertas antiguas, se pintarrajea la cantera verde y se colocan clavos en paredes antiqu\u00edsimas que no solo guardan casas o comercios, sino la historia de nuestro hogar com\u00fan.<\/p>\n\n\n\n<p>Perd\u00f3nanos, maestro, porque ahora permitimos que hombres que no son de esta tierra y por eso no pueden ni sentirla y mucho menos amarla, pretendan destruir mil quinientos \u00e1rboles que llevaron d\u00e9cadas en crecer para no solo dar belleza a nuestras pupilas sino para hacer m\u00e1s habitable esta ciudad.<\/p>\n\n\n\n<p>Perd\u00f3nanos, maestro, porque hemos perdido el coraje, si alguna vez lo tuvimos, para enfrentar y confrontar a quienes fueron tra\u00eddos a esta ciudad para gobernar el estado solo inspirados en las monedas que puedan recolectar, perd\u00f3nanos por olvidar tan f\u00e1cilmente que t\u00fa nunca dejaste de luchar.<\/p>\n\n\n\n<p>*Periodista y abogado.<\/p>\n","protected":false},"excerpt":{"rendered":"<p>Porfirio Flores* Te fuiste hace apenas veinticuatro meses y parece que hemos olvidado tu memoria.&hellip;<\/p>\n","protected":false},"author":2,"featured_media":3778,"comment_status":"closed","ping_status":"open","sticky":false,"template":"","format":"standard","meta":{"_lmt_disableupdate":"","_lmt_disable":"","_jetpack_memberships_contains_paid_content":false,"footnotes":""},"categories":[456,109],"tags":[2515],"class_list":["post-31668","post","type-post","status-publish","format-standard","has-post-thumbnail","hentry","category-columna","category-minuto-a-minuto","tag-porfirio-flores-zuniga"],"jetpack_featured_media_url":"https:\/\/zonaroja.com.mx\/wp-content\/uploads\/2019\/09\/PHOTO-2019-09-08-17-17-46.jpg","jetpack_sharing_enabled":true,"_links":{"self":[{"href":"https:\/\/zonaroja.com.mx\/index.php?rest_route=\/wp\/v2\/posts\/31668","targetHints":{"allow":["GET"]}}],"collection":[{"href":"https:\/\/zonaroja.com.mx\/index.php?rest_route=\/wp\/v2\/posts"}],"about":[{"href":"https:\/\/zonaroja.com.mx\/index.php?rest_route=\/wp\/v2\/types\/post"}],"author":[{"embeddable":true,"href":"https:\/\/zonaroja.com.mx\/index.php?rest_route=\/wp\/v2\/users\/2"}],"replies":[{"embeddable":true,"href":"https:\/\/zonaroja.com.mx\/index.php?rest_route=%2Fwp%2Fv2%2Fcomments&post=31668"}],"version-history":[{"count":2,"href":"https:\/\/zonaroja.com.mx\/index.php?rest_route=\/wp\/v2\/posts\/31668\/revisions"}],"predecessor-version":[{"id":31683,"href":"https:\/\/zonaroja.com.mx\/index.php?rest_route=\/wp\/v2\/posts\/31668\/revisions\/31683"}],"wp:featuredmedia":[{"embeddable":true,"href":"https:\/\/zonaroja.com.mx\/index.php?rest_route=\/wp\/v2\/media\/3778"}],"wp:attachment":[{"href":"https:\/\/zonaroja.com.mx\/index.php?rest_route=%2Fwp%2Fv2%2Fmedia&parent=31668"}],"wp:term":[{"taxonomy":"category","embeddable":true,"href":"https:\/\/zonaroja.com.mx\/index.php?rest_route=%2Fwp%2Fv2%2Fcategories&post=31668"},{"taxonomy":"post_tag","embeddable":true,"href":"https:\/\/zonaroja.com.mx\/index.php?rest_route=%2Fwp%2Fv2%2Ftags&post=31668"}],"curies":[{"name":"wp","href":"https:\/\/api.w.org\/{rel}","templated":true}]}}