{"id":31675,"date":"2021-09-04T21:22:05","date_gmt":"2021-09-05T02:22:05","guid":{"rendered":"http:\/\/www.zonaroja.com.mx\/?p=31675"},"modified":"2021-09-04T21:22:08","modified_gmt":"2021-09-05T02:22:08","slug":"mientras-director-del-issste-se-promociona-con-el-erario-en-huajuapan-protestan","status":"publish","type":"post","link":"https:\/\/zonaroja.com.mx\/?p=31675","title":{"rendered":"Mientras director del ISSSTE se promociona con el erario, en Huajuapan protestan"},"content":{"rendered":"\n<p>Redacci\u00f3n\/Zona Roja.<\/p>\n\n\n\n<p>Oaxaca de Ju\u00e1rez, Oax., 4 de septiembre de 2021.- Mientras el director general del ISSSTE, Luis Antonio Pineda Ram\u00edrez, ha intensificado sus giras de trabajo por Oaxaca, con cargo al erario, en la regi\u00f3n Mixteca que visit\u00f3, surgi\u00f3 una protesta.<\/p>\n\n\n\n<p>En la cl\u00ednica-hospital de esa instituci\u00f3n de salud federal ubicada en Huajuapan de Le\u00f3n, trabajadores iniciaron una jornada de movilizaciones, para exigir la destituci\u00f3n de la directora,Thal\u00eda Saynes R\u00edos.<\/p>\n\n\n\n<p>\u201cLic. Luis Antonio Ram\u00edrez Pineda, basta de nepotismo de proteger a la directora, Thal\u00eda Saynes R\u00edos, quien es prepotente, da un trato hostil a los trabajadores que no son sus protegidos\u201d. \u201cNo al desmantelamiento de la cl\u00ednica, el d\u00eda 18 de agosto se llevaron el mast\u00f3grafo dejando a las mujeres de la Mixteca vulnerables\u201d, fueron parte de las cartulinas colocadas.<\/p>\n\n\n\n<p>Ello en el marco de la gira de Ram\u00edrez Pineda por Asunci\u00f3n Nochixtl\u00e1n y Tamazul\u00e1pam del Progreso, en busca de simpat\u00edas que le permitan ser candidato a la gubernatura de Oaxaca, el pr\u00f3ximo a\u00f1o.<\/p>\n\n\n\n<p>Los inconformes denunciaron que en dicho nosocomio no cuenta con medicamentos ni insumos b\u00e1sicos, como tampoco para enfrentar la pandemia por Covid-19; adem\u00e1s, tampoco cuentan con equipamiento necesario para su trabajo.<\/p>\n\n\n\n<p>Pusieron como ejemplo el equipo de rayos X, que desde hace m\u00e1s de tres a\u00f1os fue instalado pero que no funciona; por todo ello, mantendr\u00e1n su protesta en los pr\u00f3ximos d\u00edas y, en caso de Luis Antonio Ram\u00edrez visite Huajuapan, lo interceptar\u00e1n para exigir su intervenci\u00f3n.<\/p>\n","protected":false},"excerpt":{"rendered":"<p>Redacci\u00f3n\/Zona Roja. Oaxaca de Ju\u00e1rez, Oax., 4 de septiembre de 2021.- Mientras el director general&hellip;<\/p>\n","protected":false},"author":2,"featured_media":31676,"comment_status":"closed","ping_status":"open","sticky":false,"template":"","format":"standard","meta":{"_lmt_disableupdate":"","_lmt_disable":"","_jetpack_memberships_contains_paid_content":false,"footnotes":""},"categories":[109,47],"tags":[2775],"class_list":["post-31675","post","type-post","status-publish","format-standard","has-post-thumbnail","hentry","category-minuto-a-minuto","category-zona-gris","tag-luis-antonio-ramirez-pineda"],"jetpack_featured_media_url":"https:\/\/zonaroja.com.mx\/wp-content\/uploads\/2021\/09\/protesta-ISSSTE-Oaxaca.jpg","jetpack_sharing_enabled":true,"_links":{"self":[{"href":"https:\/\/zonaroja.com.mx\/index.php?rest_route=\/wp\/v2\/posts\/31675","targetHints":{"allow":["GET"]}}],"collection":[{"href":"https:\/\/zonaroja.com.mx\/index.php?rest_route=\/wp\/v2\/posts"}],"about":[{"href":"https:\/\/zonaroja.com.mx\/index.php?rest_route=\/wp\/v2\/types\/post"}],"author":[{"embeddable":true,"href":"https:\/\/zonaroja.com.mx\/index.php?rest_route=\/wp\/v2\/users\/2"}],"replies":[{"embeddable":true,"href":"https:\/\/zonaroja.com.mx\/index.php?rest_route=%2Fwp%2Fv2%2Fcomments&post=31675"}],"version-history":[{"count":1,"href":"https:\/\/zonaroja.com.mx\/index.php?rest_route=\/wp\/v2\/posts\/31675\/revisions"}],"predecessor-version":[{"id":31677,"href":"https:\/\/zonaroja.com.mx\/index.php?rest_route=\/wp\/v2\/posts\/31675\/revisions\/31677"}],"wp:featuredmedia":[{"embeddable":true,"href":"https:\/\/zonaroja.com.mx\/index.php?rest_route=\/wp\/v2\/media\/31676"}],"wp:attachment":[{"href":"https:\/\/zonaroja.com.mx\/index.php?rest_route=%2Fwp%2Fv2%2Fmedia&parent=31675"}],"wp:term":[{"taxonomy":"category","embeddable":true,"href":"https:\/\/zonaroja.com.mx\/index.php?rest_route=%2Fwp%2Fv2%2Fcategories&post=31675"},{"taxonomy":"post_tag","embeddable":true,"href":"https:\/\/zonaroja.com.mx\/index.php?rest_route=%2Fwp%2Fv2%2Ftags&post=31675"}],"curies":[{"name":"wp","href":"https:\/\/api.w.org\/{rel}","templated":true}]}}