{"id":31678,"date":"2021-09-05T07:43:57","date_gmt":"2021-09-05T12:43:57","guid":{"rendered":"http:\/\/www.zonaroja.com.mx\/?p=31678"},"modified":"2021-09-05T09:45:16","modified_gmt":"2021-09-05T14:45:16","slug":"denuncia-diputado-de-morena-allanamiento-a-su-oficina","status":"publish","type":"post","link":"https:\/\/zonaroja.com.mx\/?p=31678","title":{"rendered":"Denuncia diputado de Morena, allanamiento a su oficina"},"content":{"rendered":"\n<p>Redacci\u00f3n\/Zona Roja.<\/p>\n\n\n\n<p>Oaxaca de Ju\u00e1rez, Oax., 5 de septiembre de 2021.- Personas desconocidas allanaron las oficinas del diputado local C\u00e9sar Morales Ni\u00f1o, integrante de la fracci\u00f3n parlamentaria de Morena en la 64 Legislatura del Congreso de Oaxaca.<\/p>\n\n\n\n<p>\u201cEn un acto evidentemente intimidatorio, esta noche (ayer) fueron violentadas mis oficinas privadas en la ciudad de Oaxaca, rompieron chapas, candados y puertas.<\/p>\n\n\n\n<p>\u201cLo que llama la atenci\u00f3n es que no se llevaron ning\u00fan art\u00edculo de valor ni la camioneta que est\u00e1 en la cochera y con las llaves puestas.<\/p>\n\n\n\n<p>\u201cHemos dado parte a las Fiscal\u00eda General del Estado para que realice las investigaciones correspondientes. Exijo al Gobierno del Estado garant\u00edas para mi persona, mi familia y equipo de colaboradores\u201d, inform\u00f3 v\u00eda redes sociales, acompa\u00f1ado de fotograf\u00edas.<\/p>\n\n\n\n<p>Sus oficinas se localizan en la calle Monte Alb\u00e1n n\u00famero 105, del fraccionamiento La Noria. Alrededor de la una de la ma\u00f1ana de este domingo, personal policiaco y de la Fiscal\u00eda General arrib\u00f3 al sitio para iniciar las indagatorias.<\/p>\n\n\n\n<p><div class=\"twitter-tweet\"><blockquote class=\"twitter-tweet\" data-lang=\"es\"><p lang=\"es\" dir=\"ltr\">En acto evidentemente intimidatorio, esta noche fueron violentadas mis oficinas en Cd de Oax, rompieron chapas, candados y puertas.<br><br>Llama la atenci\u00f3n que no se llevaron nada de valor.<br><br>Exijo al <a href=\"https:\/\/twitter.com\/GobOax?ref_src=twsrc%5Etfw\">@GobOax<\/a> garant\u00edas para mi persona, mi familia y equipo.<a href=\"https:\/\/twitter.com\/alejandromurat?ref_src=twsrc%5Etfw\">@alejandromurat<\/a><a href=\"https:\/\/twitter.com\/SEGOB_mx?ref_src=twsrc%5Etfw\">@SEGOB_mx<\/a> <a href=\"https:\/\/t.co\/fRVYemevC8\">pic.twitter.com\/fRVYemevC8<\/a><\/p>&mdash; C\u00e9sar Morales Ni\u00f1o (@cesarmoralesn) <a href=\"https:\/\/twitter.com\/cesarmoralesn\/status\/1434404701232115713?ref_src=twsrc%5Etfw\">5 de septiembre de 2021<\/a><\/blockquote><\/div><\/p>\n\n\n\n<p>CONSTANTES CR\u00cdTICAS<\/p>\n\n\n\n<p>Morales Ni\u00f1os ha se\u00f1alado m\u00faltiples omisiones del Gobierno del Estado, a trav\u00e9s de pronunciamientos en tribuna y en Puntos de Acuerdo o exhortos, en la 64 Legislatura.<\/p>\n\n\n\n<p>Apenas el pasado mi\u00e9rcoles, entre otras propuestas, plante\u00f3 que el Congreso del Estado agilice los trabajos para que se sancione al titular del Poder Ejecutivo, Alejandro Murat.<\/p>\n\n\n\n<p>Ello con base a la determinaci\u00f3n que dict\u00f3 el pasado 5 de agosto &#8211;y que confirm\u00f3 el 25 de agosto&#8211; la Sala Regional Especializada del Tribunal Electoral del Poder Judicial de la Federaci\u00f3n, en el expediente instruido en contra del Gobernador del Estado, al haber tenido participaci\u00f3n en la inauguraci\u00f3n del Congreso Nacional de la Asociaci\u00f3n de Instituciones de Ense\u00f1anza de la Arquitectura de la Rep\u00fablica Mexicana (ASINEA), realizado el pasado 13 de mayo.<\/p>\n\n\n\n<p>La Sala Regional Especializada consider\u00f3 en sus argumentos que, del an\u00e1lisis del evento, el mandatario estatal difundi\u00f3 logros de gobierno, al incluir la referencia a obras p\u00fablicas realizadas por su administraci\u00f3n, y los logros de su gesti\u00f3n mediante la descripci\u00f3n de diversas obras de infraestructura realizadas recientemente en la entidad.<\/p>\n\n\n\n<p>Esas declaraciones se realizaron y difundieron durante la campa\u00f1a del proceso electoral federal y local, por ello se acredit\u00f3 la difusi\u00f3n de propaganda gubernamental en periodo prohibido, adem\u00e1s del uso de recursos p\u00fablicos para ello.<\/p>\n\n\n\n<p>Ante ello, el diputado por Morena present\u00f3 un Punto de Acuerdo para que la Legislatura exhorte al gobernador para que ante el inminente inicio del proceso electoral para la renovaci\u00f3n de la gubernatura estatal, y en estricta observancia a los principios de buena fe, fortaleza institucional, as\u00ed como el orden p\u00fablico de las sentencias, a la brevedad posible cumpla con lo que le fue ordenado por la Sala Regional Especializada, ya que dicha determinaci\u00f3n ha quedado firme.<\/p>\n\n\n\n<p>\u201cEl cumplimiento debe ser independientemente de la sanci\u00f3n que este Congreso le imponga al gobernador conforme al mandato del citado Tribunal\u201d, detall\u00f3.<\/p>\n\n\n\n<p>LO MOCHARON<\/p>\n\n\n\n<p>Tambi\u00e9n el pasado mi\u00e9rcoles, el pleno de la 64 Legislatura aprob\u00f3 uno de sus Puntos de Acuerdo, \u00e9ste relacionado con la obra de ampliaci\u00f3n de la avenida S\u00edmbolos Patrios, en que entre otros temas, ped\u00eda se realizara una consulta ciudadana. <\/p>\n\n\n\n<p>Sin embargo, en el dictamen aprobado por la Comisi\u00f3n Permanente de Infraestructura, Desarrollo Urbano y Ordenamiento Territorial, que preside la morenista Elena Cuevas Hern\u00e1ndez, le fue retirada lo de la consulta ciudadana.<\/p>\n","protected":false},"excerpt":{"rendered":"<p>Redacci\u00f3n\/Zona Roja. Oaxaca de Ju\u00e1rez, Oax., 5 de septiembre de 2021.- Personas desconocidas allanaron las&hellip;<\/p>\n","protected":false},"author":2,"featured_media":31679,"comment_status":"closed","ping_status":"open","sticky":false,"template":"","format":"standard","meta":{"_lmt_disableupdate":"","_lmt_disable":"","_jetpack_memberships_contains_paid_content":false,"footnotes":""},"categories":[109,47],"tags":[612],"class_list":["post-31678","post","type-post","status-publish","format-standard","has-post-thumbnail","hentry","category-minuto-a-minuto","category-zona-gris","tag-cesar-morales-nino"],"jetpack_featured_media_url":"https:\/\/zonaroja.com.mx\/wp-content\/uploads\/2021\/09\/Allanamiento-oficinas-Cesar-Morales.jpg","jetpack_sharing_enabled":true,"_links":{"self":[{"href":"https:\/\/zonaroja.com.mx\/index.php?rest_route=\/wp\/v2\/posts\/31678","targetHints":{"allow":["GET"]}}],"collection":[{"href":"https:\/\/zonaroja.com.mx\/index.php?rest_route=\/wp\/v2\/posts"}],"about":[{"href":"https:\/\/zonaroja.com.mx\/index.php?rest_route=\/wp\/v2\/types\/post"}],"author":[{"embeddable":true,"href":"https:\/\/zonaroja.com.mx\/index.php?rest_route=\/wp\/v2\/users\/2"}],"replies":[{"embeddable":true,"href":"https:\/\/zonaroja.com.mx\/index.php?rest_route=%2Fwp%2Fv2%2Fcomments&post=31678"}],"version-history":[{"count":2,"href":"https:\/\/zonaroja.com.mx\/index.php?rest_route=\/wp\/v2\/posts\/31678\/revisions"}],"predecessor-version":[{"id":31684,"href":"https:\/\/zonaroja.com.mx\/index.php?rest_route=\/wp\/v2\/posts\/31678\/revisions\/31684"}],"wp:featuredmedia":[{"embeddable":true,"href":"https:\/\/zonaroja.com.mx\/index.php?rest_route=\/wp\/v2\/media\/31679"}],"wp:attachment":[{"href":"https:\/\/zonaroja.com.mx\/index.php?rest_route=%2Fwp%2Fv2%2Fmedia&parent=31678"}],"wp:term":[{"taxonomy":"category","embeddable":true,"href":"https:\/\/zonaroja.com.mx\/index.php?rest_route=%2Fwp%2Fv2%2Fcategories&post=31678"},{"taxonomy":"post_tag","embeddable":true,"href":"https:\/\/zonaroja.com.mx\/index.php?rest_route=%2Fwp%2Fv2%2Ftags&post=31678"}],"curies":[{"name":"wp","href":"https:\/\/api.w.org\/{rel}","templated":true}]}}