{"id":31688,"date":"2021-09-05T15:43:39","date_gmt":"2021-09-05T20:43:39","guid":{"rendered":"http:\/\/www.zonaroja.com.mx\/?p=31688"},"modified":"2021-09-05T15:43:42","modified_gmt":"2021-09-05T20:43:42","slug":"disminuye-congreso-de-20-a-5-numero-de-votantes-para-revocacion-de-mandato","status":"publish","type":"post","link":"https:\/\/zonaroja.com.mx\/?p=31688","title":{"rendered":"Disminuye Congreso de 20% a 5% n\u00famero de votantes para revocaci\u00f3n de mandato"},"content":{"rendered":"\n<p>Redacci\u00f3n\/Zona Roja.<\/p>\n\n\n\n<p>Oaxaca de Ju\u00e1rez, Oax., 5 de septiembre 2021.- En Oaxaca entr\u00f3 en vigor la ley que disminuye los requisitos para el ejercicio del plebiscito, el refer\u00e9ndum y la revocaci\u00f3n de mandato.<\/p>\n\n\n\n<p>La iniciativa de la diputada Magaly L\u00f3pez Dom\u00ednguez, aprobada recientemente por la 64 Legislatura, busca garantizar y promover una democracia participativa a trav\u00e9s de la integraci\u00f3n de la comunidad oaxaque\u00f1a, para incidir en la formulaci\u00f3n, ejecuci\u00f3n y evaluaci\u00f3n de las pol\u00edticas y actos de gobierno.<\/p>\n\n\n\n<p>Con la publicaci\u00f3n del Decreto N\u00famero 2509, en el Peri\u00f3dico Oficial del Estado de Oaxaca, se instituye que, a partir de ahora se podr\u00e1 convocar a la realizaci\u00f3n de esas figuras de democracia participativa mediante una solicitud de cinco por ciento de ciudadanas y ciudadanos inscritos en la lista nominal de electores, y no de 20 por ciento como se establec\u00eda en la Constituci\u00f3n local.<\/p>\n\n\n\n<p>De igual manera, se eliminan las restricciones establecidas para la revocaci\u00f3n de mandato, en la entidad, que se\u00f1alaban que solamente pod\u00eda proceder en caso de comprobarse que el gobernador hubiese incurrido en violaciones graves a la Constituci\u00f3n o hubiese cometido cr\u00edmenes de lesa humanidad.<\/p>\n\n\n\n<p>Tambi\u00e9n se anula el juicio de procedencia que deb\u00eda desahogar el Congreso, la aportaci\u00f3n de pruebas y los alegatos; bastar\u00e1 con que la solicitud se formule por escrito, que haya transcurrido al menos una tercera parte del mandato del gobernador, y que se expresen las razones que llevan a solicitar la revocaci\u00f3n.<\/p>\n\n\n\n<p>El nuevo marco jur\u00eddico puntualiza que, la consulta sobre revocaci\u00f3n de mandato proceder\u00e1 solamente tres veces en el periodo para el que fue electo el gobernador, y no podr\u00e1n realizarse dos en un lapso menor a los dos a\u00f1os.<\/p>\n\n\n\n<p>A\u00f1ade que para que el resultado de la votaci\u00f3n sea v\u00e1lido y de pleno derecho, es indispensable que el n\u00famero de electores que participe en la consulta para la revocaci\u00f3n de mandato sea cuando menos la mitad m\u00e1s uno a la que particip\u00f3 en las elecciones en las cuales fue electo el titular del Poder Ejecutivo del Estado.<\/p>\n\n\n\n<p>En este sentido. se obliga a todas las autoridades, en el \u00e1mbito de sus competencias, a promover, respetar, proteger y garantizar la participaci\u00f3n ciudadana.<\/p>\n\n\n\n<p>La representante popular por el partido Morena en el Congreso local, Magaly L\u00f3pez, celebr\u00f3 el hecho de que el pueblo de Oaxaca, cuente con las herramientas jur\u00eddicas necesarias para hacer valer su decisi\u00f3n sobre los resultados que ofrecen los gobernantes y funcionarios p\u00fablicos.<\/p>\n\n\n\n<p>\u201cLo que se busca es hacer viable el derecho del pueblo para decidir si ya no quiere que su gobernante siga en el cargo, y no a\u00f1adir un tr\u00e1mite m\u00e1s, no se trata del juicio pol\u00edtico que realiza el Congreso del Estado, sino el juicio que realiza el pueblo de manera directa sobre su gobernante, de manera que no hay alegatos ni pruebas por desahogar\u201d apunt\u00f3.<\/p>\n","protected":false},"excerpt":{"rendered":"<p>Redacci\u00f3n\/Zona Roja. Oaxaca de Ju\u00e1rez, Oax., 5 de septiembre 2021.- En Oaxaca entr\u00f3 en vigor&hellip;<\/p>\n","protected":false},"author":2,"featured_media":29297,"comment_status":"closed","ping_status":"open","sticky":false,"template":"","format":"standard","meta":{"_lmt_disableupdate":"","_lmt_disable":"","_jetpack_memberships_contains_paid_content":false,"footnotes":""},"categories":[109,46],"tags":[192],"class_list":["post-31688","post","type-post","status-publish","format-standard","has-post-thumbnail","hentry","category-minuto-a-minuto","category-zona-blanca","tag-diputada-magaly-lopez-dominguez"],"jetpack_featured_media_url":"https:\/\/zonaroja.com.mx\/wp-content\/uploads\/2021\/07\/Magaly-Lopez-2.jpg","jetpack_sharing_enabled":true,"_links":{"self":[{"href":"https:\/\/zonaroja.com.mx\/index.php?rest_route=\/wp\/v2\/posts\/31688","targetHints":{"allow":["GET"]}}],"collection":[{"href":"https:\/\/zonaroja.com.mx\/index.php?rest_route=\/wp\/v2\/posts"}],"about":[{"href":"https:\/\/zonaroja.com.mx\/index.php?rest_route=\/wp\/v2\/types\/post"}],"author":[{"embeddable":true,"href":"https:\/\/zonaroja.com.mx\/index.php?rest_route=\/wp\/v2\/users\/2"}],"replies":[{"embeddable":true,"href":"https:\/\/zonaroja.com.mx\/index.php?rest_route=%2Fwp%2Fv2%2Fcomments&post=31688"}],"version-history":[{"count":1,"href":"https:\/\/zonaroja.com.mx\/index.php?rest_route=\/wp\/v2\/posts\/31688\/revisions"}],"predecessor-version":[{"id":31689,"href":"https:\/\/zonaroja.com.mx\/index.php?rest_route=\/wp\/v2\/posts\/31688\/revisions\/31689"}],"wp:featuredmedia":[{"embeddable":true,"href":"https:\/\/zonaroja.com.mx\/index.php?rest_route=\/wp\/v2\/media\/29297"}],"wp:attachment":[{"href":"https:\/\/zonaroja.com.mx\/index.php?rest_route=%2Fwp%2Fv2%2Fmedia&parent=31688"}],"wp:term":[{"taxonomy":"category","embeddable":true,"href":"https:\/\/zonaroja.com.mx\/index.php?rest_route=%2Fwp%2Fv2%2Fcategories&post=31688"},{"taxonomy":"post_tag","embeddable":true,"href":"https:\/\/zonaroja.com.mx\/index.php?rest_route=%2Fwp%2Fv2%2Ftags&post=31688"}],"curies":[{"name":"wp","href":"https:\/\/api.w.org\/{rel}","templated":true}]}}