{"id":31690,"date":"2021-09-05T19:21:34","date_gmt":"2021-09-06T00:21:34","guid":{"rendered":"http:\/\/www.zonaroja.com.mx\/?p=31690"},"modified":"2021-09-05T19:21:37","modified_gmt":"2021-09-06T00:21:37","slug":"empresa-fantasma-de-oaxaca-expidio-comprobantes-fiscales-en-4-meses-por-144-5-mdp","status":"publish","type":"post","link":"https:\/\/zonaroja.com.mx\/?p=31690","title":{"rendered":"Empresa \u201cfantasma\u201d de Oaxaca expidi\u00f3 comprobantes fiscales en 4 meses por 144.5 mdp"},"content":{"rendered":"\n<p>Redacci\u00f3n\/Zona Roja. Foto: Ilustraci\u00f3n<\/p>\n\n\n\n<p>Oaxaca de Ju\u00e1rez, Oax., 5 de septiembre de 2021.- En un lapso de cuatro meses, una empresa, presuntamente \u201cfantasma\u201d, con sede en el estado de Oaxaca, emiti\u00f3 comprobantes fiscales a favor de diversos contribuyentes por un monto de 144.5 millones de pesos<\/p>\n\n\n\n<p>Este fin de semana, el Ministerio P\u00fablico de la Fiscal\u00eda General de la Rep\u00fablica (FGR) en la entidad, obtuvo auto de vinculaci\u00f3n a proceso en contra de la administradora de una persona moral, por la probable comisi\u00f3n de un delito de expedir comprobantes fiscales que amparen operaciones inexistentes, previsto y sancionado en el C\u00f3digo Fiscal de la Federaci\u00f3n.<\/p>\n\n\n\n<p>Lo anterior, derivado que la administradora Jur\u00eddica Desconcentrada de Oaxaca, formul\u00f3 querella en contra de la administradora de una persona moral y contribuyente, quien durante el ejercicio fiscal de septiembre a diciembre de 2015, expidi\u00f3 comprobantes fiscales a favor de diversos contribuyentes por la cantidad total de 144 millones 592 mil 456 pesos 45 centavos.<\/p>\n\n\n\n<p>En un comunicado, la FGR expuso que ello sin estar localizada y sin contar con activos fijos, as\u00ed como la infraestructura y\/o capacidad material, ni personal para prestar los servicios y\/o comercializar o entregar bienes que permitan amparar las emisiones de dichos comprobantes<\/p>\n\n\n\n<p>En ese contexto, el Ministerio P\u00fablico Federal (MPF) aport\u00f3 los datos de prueba y obtuvo la vinculaci\u00f3n a proceso contra la administradora de la persona moral, por el delito en menci\u00f3n; asimismo, se fij\u00f3 un plazo de tres meses para el cierre de la investigaci\u00f3n complementaria.<\/p>\n","protected":false},"excerpt":{"rendered":"<p>Redacci\u00f3n\/Zona Roja. Foto: Ilustraci\u00f3n Oaxaca de Ju\u00e1rez, Oax., 5 de septiembre de 2021.- En un&hellip;<\/p>\n","protected":false},"author":2,"featured_media":31691,"comment_status":"closed","ping_status":"open","sticky":false,"template":"","format":"standard","meta":{"_lmt_disableupdate":"","_lmt_disable":"","_jetpack_memberships_contains_paid_content":false,"footnotes":""},"categories":[109,47],"tags":[2114],"class_list":["post-31690","post","type-post","status-publish","format-standard","has-post-thumbnail","hentry","category-minuto-a-minuto","category-zona-gris","tag-fiscalia-general-de-la-republica-fgr"],"jetpack_featured_media_url":"https:\/\/zonaroja.com.mx\/wp-content\/uploads\/2021\/09\/Empresa-fantasma-facturacion-falsa.jpg","jetpack_sharing_enabled":true,"_links":{"self":[{"href":"https:\/\/zonaroja.com.mx\/index.php?rest_route=\/wp\/v2\/posts\/31690","targetHints":{"allow":["GET"]}}],"collection":[{"href":"https:\/\/zonaroja.com.mx\/index.php?rest_route=\/wp\/v2\/posts"}],"about":[{"href":"https:\/\/zonaroja.com.mx\/index.php?rest_route=\/wp\/v2\/types\/post"}],"author":[{"embeddable":true,"href":"https:\/\/zonaroja.com.mx\/index.php?rest_route=\/wp\/v2\/users\/2"}],"replies":[{"embeddable":true,"href":"https:\/\/zonaroja.com.mx\/index.php?rest_route=%2Fwp%2Fv2%2Fcomments&post=31690"}],"version-history":[{"count":1,"href":"https:\/\/zonaroja.com.mx\/index.php?rest_route=\/wp\/v2\/posts\/31690\/revisions"}],"predecessor-version":[{"id":31692,"href":"https:\/\/zonaroja.com.mx\/index.php?rest_route=\/wp\/v2\/posts\/31690\/revisions\/31692"}],"wp:featuredmedia":[{"embeddable":true,"href":"https:\/\/zonaroja.com.mx\/index.php?rest_route=\/wp\/v2\/media\/31691"}],"wp:attachment":[{"href":"https:\/\/zonaroja.com.mx\/index.php?rest_route=%2Fwp%2Fv2%2Fmedia&parent=31690"}],"wp:term":[{"taxonomy":"category","embeddable":true,"href":"https:\/\/zonaroja.com.mx\/index.php?rest_route=%2Fwp%2Fv2%2Fcategories&post=31690"},{"taxonomy":"post_tag","embeddable":true,"href":"https:\/\/zonaroja.com.mx\/index.php?rest_route=%2Fwp%2Fv2%2Ftags&post=31690"}],"curies":[{"name":"wp","href":"https:\/\/api.w.org\/{rel}","templated":true}]}}