{"id":31693,"date":"2021-09-05T21:02:38","date_gmt":"2021-09-06T02:02:38","guid":{"rendered":"http:\/\/www.zonaroja.com.mx\/?p=31693"},"modified":"2021-09-05T21:02:41","modified_gmt":"2021-09-06T02:02:41","slug":"acumula-oaxaca-en-una-semana-casi-3-mil-casos-positivos-a-covid-y-130-decesos","status":"publish","type":"post","link":"https:\/\/zonaroja.com.mx\/?p=31693","title":{"rendered":"Acumula Oaxaca en una semana casi 3 mil casos positivos a Covid y 130 decesos"},"content":{"rendered":"\n<p>Redacci\u00f3n\/Zona Roja.<\/p>\n\n\n\n<p>Oaxaca de Ju\u00e1rez, Oax. 5 de septiembre de 2021.- En la \u00faltima semana en sem\u00e1foro epidemiol\u00f3gico color naranja, la entidad registr\u00f3 dos mil 967 casos positivos a Covid-19 y 130 decesos, inform\u00f3 la dependencia Servicios de Salud de Oaxaca.<\/p>\n\n\n\n<p>En un comunicado, confirm\u00f3 que del 6 al 19 de septiembre, el estado permanecer\u00e1 en sem\u00e1foro amarillo por el virus, que significa menor riesgo de contagio. Ello pese a que este domingo se registraron 204 casos positivos y 17 decesos.<\/p>\n\n\n\n<p>As\u00ed tambi\u00e9n, el promedio de la red hospitalaria para la atenci\u00f3n de pacientes con esta enfermedad respiratoria contin\u00faa arriba del 70%.<\/p>\n\n\n\n<p>En tanto, en el tema de la Estrategia de la Pol\u00edtica Nacional de Vacunaci\u00f3n contra el virus SARS-CoV-2, a\u00f1adi\u00f3 que, durante los \u00faltimos siete d\u00edas se aplicaron a la poblaci\u00f3n de 40 a 49 a\u00f1os m\u00e1s de 15 mil segundas dosis del biol\u00f3gico Pfizer-BioNTech y m\u00e1s de nueve mil de la farmac\u00e9utica Sinovac al grupo etario de 30 a 39 a\u00f1os, en la Villa de Zaachila y Ocotl\u00e1n de Morelos.<\/p>\n\n\n\n<figure class=\"wp-block-embed-twitter wp-block-embed is-type-rich is-provider-twitter\"><div class=\"wp-block-embed__wrapper\">\n<div class=\"twitter-tweet\"><blockquote class=\"twitter-tweet\" data-lang=\"es\"><p lang=\"es\" dir=\"ltr\"><a href=\"https:\/\/twitter.com\/hashtag\/%C3%9AltimoMinuto?src=hash&amp;ref_src=twsrc%5Etfw\">#\u00daltimoMinuto<\/a><br>Los <a href=\"https:\/\/twitter.com\/SSO_GobOax?ref_src=twsrc%5Etfw\">@SSO_GobOax<\/a> reportaron este domingo 204 casos positivos a Covid, con lo que se acumulan 69 mil 735 casos confirmados.<br>Tambi\u00e9n, 17 decesos, para un total de 4 mil 725 fallecimientos.<br>Hay 13 nosocomios saturados y la ocupaci\u00f3n hospitalaria promedio es de 66.1%. <a href=\"https:\/\/t.co\/EGaCMZZyUK\">pic.twitter.com\/EGaCMZZyUK<\/a><\/p>&mdash; Zona Roja Oaxaca (@Zona_Roja_Oax) <a href=\"https:\/\/twitter.com\/Zona_Roja_Oax\/status\/1434691473795174404?ref_src=twsrc%5Etfw\">6 de septiembre de 2021<\/a><\/blockquote><\/div>\n<\/div><\/figure>\n\n\n\n<p>Mientras que en municipios de la Costa y Cuenca del Papaloapan fueron inmunizadas m\u00e1s de 56 mil personas de 18 a 49 a\u00f1os con segundas dosis de la empresa Sinovac, agreg\u00f3.<\/p>\n\n\n\n<p>Puntualiz\u00f3 que con la suma de las medidas sanitarias como el uso correcto del cubrebocas, lavado frecuente de manos, mantener la sana distancia y evitar acudir a lugares concurridos, se podr\u00e1 cortar la cadena de transmisi\u00f3n, reducir los contagios y avanzar hacia la nueva normalidad.<\/p>\n\n\n\n<p>Record\u00f3 a la poblaci\u00f3n que, independientemente del color en el sem\u00e1foro epid\u00e9mico o de haber recibido la vacuna contra este coronavirus, las familias oaxaque\u00f1as deben seguir cuid\u00e1ndose, por lo que pidi\u00f3 que en este Mes Patrio \u201ccelebremos nuestra libertad, con responsabilidad\u201d.<\/p>\n","protected":false},"excerpt":{"rendered":"<p>Redacci\u00f3n\/Zona Roja. Oaxaca de Ju\u00e1rez, Oax. 5 de septiembre de 2021.- En la \u00faltima semana&hellip;<\/p>\n","protected":false},"author":2,"featured_media":31694,"comment_status":"closed","ping_status":"open","sticky":false,"template":"","format":"standard","meta":{"_lmt_disableupdate":"","_lmt_disable":"","_jetpack_memberships_contains_paid_content":false,"footnotes":""},"categories":[109,47],"tags":[1512],"class_list":["post-31693","post","type-post","status-publish","format-standard","has-post-thumbnail","hentry","category-minuto-a-minuto","category-zona-gris","tag-coronavirus-oaxaca"],"jetpack_featured_media_url":"https:\/\/zonaroja.com.mx\/wp-content\/uploads\/2021\/09\/05-de-septiembre-de-2021.-Comunicado-Tecnico.jpg","jetpack_sharing_enabled":true,"_links":{"self":[{"href":"https:\/\/zonaroja.com.mx\/index.php?rest_route=\/wp\/v2\/posts\/31693","targetHints":{"allow":["GET"]}}],"collection":[{"href":"https:\/\/zonaroja.com.mx\/index.php?rest_route=\/wp\/v2\/posts"}],"about":[{"href":"https:\/\/zonaroja.com.mx\/index.php?rest_route=\/wp\/v2\/types\/post"}],"author":[{"embeddable":true,"href":"https:\/\/zonaroja.com.mx\/index.php?rest_route=\/wp\/v2\/users\/2"}],"replies":[{"embeddable":true,"href":"https:\/\/zonaroja.com.mx\/index.php?rest_route=%2Fwp%2Fv2%2Fcomments&post=31693"}],"version-history":[{"count":1,"href":"https:\/\/zonaroja.com.mx\/index.php?rest_route=\/wp\/v2\/posts\/31693\/revisions"}],"predecessor-version":[{"id":31695,"href":"https:\/\/zonaroja.com.mx\/index.php?rest_route=\/wp\/v2\/posts\/31693\/revisions\/31695"}],"wp:featuredmedia":[{"embeddable":true,"href":"https:\/\/zonaroja.com.mx\/index.php?rest_route=\/wp\/v2\/media\/31694"}],"wp:attachment":[{"href":"https:\/\/zonaroja.com.mx\/index.php?rest_route=%2Fwp%2Fv2%2Fmedia&parent=31693"}],"wp:term":[{"taxonomy":"category","embeddable":true,"href":"https:\/\/zonaroja.com.mx\/index.php?rest_route=%2Fwp%2Fv2%2Fcategories&post=31693"},{"taxonomy":"post_tag","embeddable":true,"href":"https:\/\/zonaroja.com.mx\/index.php?rest_route=%2Fwp%2Fv2%2Ftags&post=31693"}],"curies":[{"name":"wp","href":"https:\/\/api.w.org\/{rel}","templated":true}]}}