{"id":31699,"date":"2021-09-06T08:21:47","date_gmt":"2021-09-06T13:21:47","guid":{"rendered":"http:\/\/www.zonaroja.com.mx\/?p=31699"},"modified":"2021-09-06T08:21:50","modified_gmt":"2021-09-06T13:21:50","slug":"opinion-salud-y-sus-graves-problemas-los-endosa-a-la-federacion","status":"publish","type":"post","link":"https:\/\/zonaroja.com.mx\/?p=31699","title":{"rendered":"Opini\u00f3n. Salud y sus graves problemas, \u00bflos endosa a la Federaci\u00f3n?"},"content":{"rendered":"\n<p>Ismael Garc\u00eda M.\/Zona Roja.<\/p>\n\n\n\n<p>Oaxaca de Ju\u00e1rez, Oax., 6 de septiembre de 2021.- Este lunes inicia una cuarta semana de paro y bloqueo de vialidad por parte de un reducido gremio de los Servicios de Salud de Oaxaca; transcurre un mes sin empresa responsable de la limpieza y seguridad en los hospitales.<\/p>\n\n\n\n<p>La atenci\u00f3n al Covid-19 es un desastre y tan s\u00f3lo en la primera semana de septiembre se registraron dos mil 967 casos positivos y 130 decesos. Mientras tanto, en un mes, agosto, ocurrieron 12 mil 132 casos nuevos (el 20 por ciento de lo registrado en a\u00f1o y medio) y 467 decesos.<\/p>\n\n\n\n<p>En a\u00f1o y medio de pandemia, Oaxaca registra, hasta el domingo 5 de septiembre, cuatro mil 725 muertes y 69 mil 735 contagiados. No hay absolutamente ninguna contenci\u00f3n. Eso s\u00ed, una absoluta irresponsabilidad del quinto titular de Salud en este sexenio.<\/p>\n\n\n\n<p>Por doquier siguen las protestas del sector salud; falta de medicinas, medicamentos, equipos de protecci\u00f3n; \u00bfcl\u00ednicas y hospitales nuevos?, no los hay por ning\u00fan lado; \u00bfremodelaciones o ampliaciones?, tampoco.<\/p>\n\n\n\n<p>Pero para Juan Carlos M\u00e1rquez Heine, no hay ning\u00fan problema\u2026 porque prepara maletas, a ocho meses de estar en el cargo y con la esperanza de que el gobierno de Alejandro Murat heredar\u00e1 todo el problema a la administraci\u00f3n de Andr\u00e9s Manuel L\u00f3pez Obrador.<\/p>\n\n\n\n<p>El pasado 2 de septiembre, el propio mandatario comenz\u00f3 a concretar el acuerdo en la Ciudad de M\u00e9xico, con el titular del Instituto de Salud para el Bienestar, Juan Antonio Ferrer.<\/p>\n\n\n\n<p>LARGA LISTA DE ADEUDOS<\/p>\n\n\n\n<p>\u00bfNo hay dinero? \u00bfCu\u00e1ndo no ha habido presupuesto en exceso en el sector salud? En el sexenio pasado, hab\u00eda un promedio anual de cinco mil millones de pesos para los Servicios de Salud, la mitad del gobierno federal a trav\u00e9s del llamado Seguro Popular.<\/p>\n\n\n\n<p>Los montos paulatinamente han crecido y este 2021, son m\u00e1s de ocho mil millones de pesos, el segundo presupuesto m\u00e1s alto &#8211;despu\u00e9s del destinado al sector educativo&#8211;, que ha ido a parar en manos de funcionarios y ex funcionarios, solamente.<\/p>\n\n\n\n<p>De ese dinero nada se sabe oficialmente c\u00f3mo se gasta; la \u00fanica justificaci\u00f3n es que se han cubierto adeudos, \u00bfpero cu\u00e1les pagos?<\/p>\n\n\n\n<p>Por primera vez, la Secci\u00f3n 35 &#8211;cuyos dirigentes, anteriores y actuales son c\u00f3mplices del saqueo y hasta participan de los negocios millonarios&#8211; amag\u00f3 con un paro generalizado, bajo el pretexto de que quieren rescindir el contrato a unos mil 500 empleados eventuales.<\/p>\n\n\n\n<p>De manera extra\u00f1a tambi\u00e9n, quiz\u00e1 para comenzar a cubrir los turbios negocios, la empresa Seguridad y Limpieza (Seglimn), del morenista y dirigente de CATEM, Pedro Haces Barba, cerr\u00f3 y liquid\u00f3 a empleados, con el argumento de que no le pagaban y no hab\u00eda dinero.<\/p>\n\n\n\n<p>Por al menos dos semanas, una veintena de empresarios cerr\u00f3 oficinas que rentaban a los Servicios de Salud, exigiendo pagos atrasados. La lista de quejas es muy larga y todo tiene que ver con dinero.<\/p>\n\n\n\n<p>NEGRA COMPARECENCIA<\/p>\n\n\n\n<p>El pasado 19 de agosto, M\u00e1rquez Heine compareci\u00f3 ante el pleno de la 64 Legislatura, s\u00f3lo para ser vilipendiado por los legisladores, azuzados por Fredie Delf\u00edn Avenda\u00f1o, quien permiti\u00f3 el ingreso de manifestantes que tambi\u00e9n lanzaron recriminaciones en plena asamblea.<\/p>\n\n\n\n<p>Seg\u00fan sus propias cifras, el actual sexenio recibi\u00f3 un adeudo de nueve mil 440 millones de pesos, principalmente de pagos que debieron hacerse a terceros institucionales, como el IMSS y el SAT y que fueron desviados a otros rubros, como salarios.<\/p>\n\n\n\n<p>Los Servicios de Salud cuentan con tres fuentes de origen federal para cubrir los gastos de servicios personales y gastos de operaci\u00f3n de las unidades m\u00e9dicas, tal es el caso del Fondo de Aportaciones para los Servicios de Salud (FASSA), el Instituto de Salud para el Bienestar (Insabi) y Fondo de Aportaciones Solidaria Estatal L\u00edquida 2017 (ASEL), a trav\u00e9s de los cuales se destinaron este a\u00f1o ocho mil 418.60 millones de pesos.<\/p>\n\n\n\n<p>A decir de M\u00e1rquez Heine, con los fondos estatales se cubrieron los gastos de operaci\u00f3n de las unidades m\u00e9dicas, como es el caso de pago de servicios m\u00e9dicos y servicios b\u00e1sicos.<\/p>\n\n\n\n<p>Pero el funcionario justifica que tambi\u00e9n desde el a\u00f1o pasado se han destinado recursos por alrededor de 926 millones de pesos para abatir el d\u00e9ficit presupuestal, \u201clo que ha implicado disminuir el gasto de operaci\u00f3n e inversi\u00f3n en un 50%, pasando de 535.4 millones de pesos&nbsp;en el 2020 a 216.6 millones de pesos en 2021\u201d. \u00bfEn d\u00f3nde est\u00e1n esas inversiones millonarias?<\/p>\n\n\n\n<p>Los sindicatos aumentan cada d\u00eda en Salud y apenas el domingo fue presentado uno, con sello morenista; actualmente la plantilla global es 18 mil 388 trabajadores, de los cuales cuatro mil 789 son administrativos.<\/p>\n\n\n\n<p>De ese total, cinco mil 652 no cuentan con cobertura presupuestal definida, tanto eventuales, regularizados, formalizados y de planta estatal, y ah\u00ed es donde est\u00e1 uno de los principales agujeros de fuga de dinero.<\/p>\n\n\n\n<p>EL TRASPASO<\/p>\n\n\n\n<p>Pese a todo ello, el gobierno de Andr\u00e9s Manuel L\u00f3pez Obrador ha decidido absorber a los Servicios de Salud.<\/p>\n\n\n\n<p>M\u00e1rquez Heine, feliz por la determinaci\u00f3n, y hasta acept\u00f3 ser el \u201csparring\u201d de esta determinaci\u00f3n, que nadie sabe si ser\u00e1 ben\u00e9fica para la salud de los oaxaque\u00f1os y para la estabilidad de los trabajadores.<\/p>\n\n\n\n<p>El traspaso ya inici\u00f3, con nosocomios mediante los cuales el gobierno de Oaxaca comienza a pagar sus deudas, como es el caso del Hospital de la Mujer, en San Bartolo Coyotepec; el siguiente ser\u00e1 el Hospital de la Ni\u00f1ez, mientras que en Juchit\u00e1n, el Insabi ya opera el hospital de especialidades. En Tlaxiaco desde hace meses se traspas\u00f3 el hospital del IMSS.<\/p>\n\n\n\n<p>Pero un traspaso general del tama\u00f1o de los Servicios de Salud a la Federaci\u00f3n deber\u00eda implicar no solamente desobligaciones y limpia de expedientes, sino tambi\u00e9n una indagatoria y proceso judicial en contra de quienes han saqueado las arcas en salud en este y en sexenios anteriores. \u00bfLo har\u00e1n el gobierno de L\u00f3pez Obrador? O es otra de las complacencias pol\u00edticas de mutuo acuerdo.<\/p>\n","protected":false},"excerpt":{"rendered":"<p>Ismael Garc\u00eda M.\/Zona Roja. Oaxaca de Ju\u00e1rez, Oax., 6 de septiembre de 2021.- Este lunes&hellip;<\/p>\n","protected":false},"author":2,"featured_media":7610,"comment_status":"closed","ping_status":"open","sticky":false,"template":"","format":"standard","meta":{"_lmt_disableupdate":"","_lmt_disable":"","_jetpack_memberships_contains_paid_content":false,"footnotes":""},"categories":[109,47],"tags":[1353],"class_list":["post-31699","post","type-post","status-publish","format-standard","has-post-thumbnail","hentry","category-minuto-a-minuto","category-zona-gris","tag-opinion-zona-critica"],"jetpack_featured_media_url":"https:\/\/zonaroja.com.mx\/wp-content\/uploads\/2020\/01\/Opini\u00f3n-Zona-Cr\u00edtica.jpg","jetpack_sharing_enabled":true,"_links":{"self":[{"href":"https:\/\/zonaroja.com.mx\/index.php?rest_route=\/wp\/v2\/posts\/31699","targetHints":{"allow":["GET"]}}],"collection":[{"href":"https:\/\/zonaroja.com.mx\/index.php?rest_route=\/wp\/v2\/posts"}],"about":[{"href":"https:\/\/zonaroja.com.mx\/index.php?rest_route=\/wp\/v2\/types\/post"}],"author":[{"embeddable":true,"href":"https:\/\/zonaroja.com.mx\/index.php?rest_route=\/wp\/v2\/users\/2"}],"replies":[{"embeddable":true,"href":"https:\/\/zonaroja.com.mx\/index.php?rest_route=%2Fwp%2Fv2%2Fcomments&post=31699"}],"version-history":[{"count":1,"href":"https:\/\/zonaroja.com.mx\/index.php?rest_route=\/wp\/v2\/posts\/31699\/revisions"}],"predecessor-version":[{"id":31700,"href":"https:\/\/zonaroja.com.mx\/index.php?rest_route=\/wp\/v2\/posts\/31699\/revisions\/31700"}],"wp:featuredmedia":[{"embeddable":true,"href":"https:\/\/zonaroja.com.mx\/index.php?rest_route=\/wp\/v2\/media\/7610"}],"wp:attachment":[{"href":"https:\/\/zonaroja.com.mx\/index.php?rest_route=%2Fwp%2Fv2%2Fmedia&parent=31699"}],"wp:term":[{"taxonomy":"category","embeddable":true,"href":"https:\/\/zonaroja.com.mx\/index.php?rest_route=%2Fwp%2Fv2%2Fcategories&post=31699"},{"taxonomy":"post_tag","embeddable":true,"href":"https:\/\/zonaroja.com.mx\/index.php?rest_route=%2Fwp%2Fv2%2Ftags&post=31699"}],"curies":[{"name":"wp","href":"https:\/\/api.w.org\/{rel}","templated":true}]}}