{"id":31705,"date":"2021-09-06T13:21:12","date_gmt":"2021-09-06T18:21:12","guid":{"rendered":"https:\/\/www.zonaroja.com.mx\/?p=31705"},"modified":"2021-09-06T13:23:17","modified_gmt":"2021-09-06T18:23:17","slug":"sindicalizados-exigen-renuncia-del-director-del-iebo-por-incompetente","status":"publish","type":"post","link":"https:\/\/zonaroja.com.mx\/?p=31705","title":{"rendered":"Sindicalizados exigen renuncia del director del IEBO, por incompetente"},"content":{"rendered":"\n<p>Redacci\u00f3n\/Estado 20. <\/p>\n\n\n\n<p>Oaxaca de Ju\u00e1rez, Oax., 6 de septiembre de 2021.- Trabajadores del Instituto de Estudios de Bachillerato del Estado de Oaxaca (IEBO), protestan contra su director general, Alejandro Aroche Tarasco, a quien acusan de incumplir con beneficios laborales y programas para mejorar sus condiciones laborales.<\/p>\n\n\n\n<p>La protesta la realizaron la ma\u00f1ana de este lunes en la Direcci\u00f3n General del citado Instituto, ubicada sobre la avenida Universidad de la capital de Oaxaca, en demanda de respeto a sus derechos laborales y humanos y al cumplimiento de acuerdos pactados meses atr\u00e1s, con los directivos de ese organismo p\u00fablico.<\/p>\n\n\n\n<p>La movilizaci\u00f3n, acusaron se deriva por la \u201cindiferencia\u201d y falta de voluntad de los funcionarios del IEBO, para resolver sus peticiones y dar cumplimiento al programa de \u201cPromoci\u00f3n Docente 2021\u201d, se\u00f1al\u00f3 el bi\u00f3logo V\u00edctor Hern\u00e1ndez Guzm\u00e1n, Secretario General del Sindicato \u00danico de Trabajadores de ese instituto, y a\u00f1adi\u00f3 que ya existen minutas firmadas con fechas 16 de abril y 13, 17 y 27 de agosto de este a\u00f1o, que el IEBO ni la Secretar\u00eda de Finanzas han cumplido.<\/p>\n\n\n\n<p>Durante su pronunciamiento, asegur\u00f3 que son nueve reuniones y tres mesas de trabajo que no han sido tomadas con seriedad por el director general Alejandro Aroche Tarasco.<\/p>\n\n\n\n<p>\u201cEl director nunca cumple su palabra, por ello hacemos el llamado al gobernador Alejandro Murat, para que intervenga y se cumplan los compromisos. El d\u00eda de ma\u00f1ana se ir\u00e1n incrementando la presencia y las acciones de presi\u00f3n en la direcci\u00f3n general y en otras sedes del interior del estado\u201d; se\u00f1al\u00f3 el dirigente V\u00edctor Hern\u00e1ndez durante su movilizaci\u00f3n. co descentralizado.<\/p>\n","protected":false},"excerpt":{"rendered":"<p>Redacci\u00f3n\/Estado 20. Oaxaca de Ju\u00e1rez, Oax., 6 de septiembre de 2021.- Trabajadores del Instituto de&hellip;<\/p>\n","protected":false},"author":2,"featured_media":31704,"comment_status":"closed","ping_status":"open","sticky":false,"template":"","format":"standard","meta":{"_lmt_disableupdate":"","_lmt_disable":"","_jetpack_memberships_contains_paid_content":false,"footnotes":""},"categories":[109,47],"tags":[],"class_list":["post-31705","post","type-post","status-publish","format-standard","has-post-thumbnail","hentry","category-minuto-a-minuto","category-zona-gris"],"jetpack_featured_media_url":"https:\/\/zonaroja.com.mx\/wp-content\/uploads\/2021\/09\/e4c94a6f-bf8f-4159-9acd-f29aa77930be.jpg","jetpack_sharing_enabled":true,"_links":{"self":[{"href":"https:\/\/zonaroja.com.mx\/index.php?rest_route=\/wp\/v2\/posts\/31705","targetHints":{"allow":["GET"]}}],"collection":[{"href":"https:\/\/zonaroja.com.mx\/index.php?rest_route=\/wp\/v2\/posts"}],"about":[{"href":"https:\/\/zonaroja.com.mx\/index.php?rest_route=\/wp\/v2\/types\/post"}],"author":[{"embeddable":true,"href":"https:\/\/zonaroja.com.mx\/index.php?rest_route=\/wp\/v2\/users\/2"}],"replies":[{"embeddable":true,"href":"https:\/\/zonaroja.com.mx\/index.php?rest_route=%2Fwp%2Fv2%2Fcomments&post=31705"}],"version-history":[{"count":1,"href":"https:\/\/zonaroja.com.mx\/index.php?rest_route=\/wp\/v2\/posts\/31705\/revisions"}],"predecessor-version":[{"id":31706,"href":"https:\/\/zonaroja.com.mx\/index.php?rest_route=\/wp\/v2\/posts\/31705\/revisions\/31706"}],"wp:featuredmedia":[{"embeddable":true,"href":"https:\/\/zonaroja.com.mx\/index.php?rest_route=\/wp\/v2\/media\/31704"}],"wp:attachment":[{"href":"https:\/\/zonaroja.com.mx\/index.php?rest_route=%2Fwp%2Fv2%2Fmedia&parent=31705"}],"wp:term":[{"taxonomy":"category","embeddable":true,"href":"https:\/\/zonaroja.com.mx\/index.php?rest_route=%2Fwp%2Fv2%2Fcategories&post=31705"},{"taxonomy":"post_tag","embeddable":true,"href":"https:\/\/zonaroja.com.mx\/index.php?rest_route=%2Fwp%2Fv2%2Ftags&post=31705"}],"curies":[{"name":"wp","href":"https:\/\/api.w.org\/{rel}","templated":true}]}}