{"id":31711,"date":"2021-09-06T16:14:45","date_gmt":"2021-09-06T21:14:45","guid":{"rendered":"https:\/\/www.zonaroja.com.mx\/?p=31711"},"modified":"2021-09-06T19:40:19","modified_gmt":"2021-09-07T00:40:19","slug":"otra-del-imss-negligencia-en-hospital-de-huautla-provoca-muerte-de-bebe","status":"publish","type":"post","link":"https:\/\/zonaroja.com.mx\/?p=31711","title":{"rendered":"Otra del IMSS: negligencia en hospital de Huautla provoca muerte de beb\u00e9"},"content":{"rendered":"\n<p class=\"MsoNormal\">Evlin Arag\u00f3n\/Zona Roja.&nbsp;<\/p>\n\n\n\n<p class=\"MsoNormal\">Oaxaca de Ju\u00e1rez, Oax., 6 de septiembre de 2021.-&nbsp;La imagen de una mujer ind\u00edgena, vestida con blusa rosa y falda azul, sentada a un costado de un peque\u00f1o f\u00e9retro color blanco, se ha convertido de a poco en una publicaci\u00f3n viral en las redes sociales.&nbsp;&nbsp;<\/p>\n\n\n\n<p class=\"MsoNormal\">Ello porque retrata la negligencia m\u00e9dica de la que fue v\u00edctima Rosario G. M., por parte del personal del Hospital Rural Solidaridad 43 del IMSS, ubicado en el municipio de Huautla de Jim\u00e9nez, y que dio como resultado la muerte de su beb\u00e9.  <\/p>\n\n\n\n<p class=\"MsoNormal\">De acuerdo con los datos que se han dado a conocer hasta el momento, Rosario acudi\u00f3 al centro m\u00e9dico ya en trabajo de parto, sin embargo, el personal m\u00e9dico no s\u00f3lo se neg\u00f3 a atenderla, sino que tambi\u00e9n la echo del lugar, situaci\u00f3n que oblig\u00f3 a la mujer a expulsar al beb\u00e9 en plena calle.&nbsp;<\/p>\n\n\n\n<p class=\"MsoNormal\">As\u00ed lo corrobora el certificado de muerte fetal emitido por la Secretar\u00eda de Salud, mismo que refiere que los hechos se registraron el domingo 5 de septiembre en la calle Mar\u00eda Sabina perteneciente a la colonia Cerro \u00abEl Fort\u00edn\u00bb, del municipio de Huautla de Jim\u00e9nez.&nbsp;<\/p>\n\n\n\n<p class=\"MsoNormal\">El documento detalla que la mujer, quien se asumi\u00f3 como ama de casa, se encontraba en su semana 40 de gestaci\u00f3n y que se trat\u00f3 de otro m\u00e9dico quien atendi\u00f3&nbsp;la expulsi\u00f3n del beb\u00e9, mediante el procedimiento de inducci\u00f3n, en la v\u00eda p\u00fablica.&nbsp;<\/p>\n\n\n\n<p class=\"MsoNormal\">La hipoxia fetal y la insuficiencia placentaria fueron registradas como la causa de muerte del beb\u00e9 que, de acuerdo con el certificado, no mostraba ninguna anomal\u00eda, malformaci\u00f3n o defecto cong\u00e9nito aparente.&nbsp;&nbsp;&nbsp;<\/p>\n\n\n\n<p class=\"MsoNormal\">La imagen de Rosario, originaria de la poblaci\u00f3n de Santa Cruz de Ju\u00e1rez, Mazatl\u00e1n Villa de Flores, acompa\u00f1ada de su esposo Felisardo y sentada a un costado del peque\u00f1o f\u00e9retro, retrata la negligencia m\u00e9dica que en m\u00e1s de una ocasi\u00f3n ha puesto en el ojo del hurac\u00e1n al IMSS, al momento de brindar atenci\u00f3n a mujeres ind\u00edgenas.  <\/p>\n\n\n\n<p>M\u00daLTIPLES CASOS <\/p>\n\n\n\n<p class=\"MsoNormal\">Apenas en febrero de este a\u00f1o, la falta de atenci\u00f3n por parte del personal m\u00e9dico del Hospital de Urgencias de San Pablo Huixtepec, de los Servicios de Salud, ocasion\u00f3 que otra mujer diera a luz en entrada del nosocomio, ello sin las medidas m\u00ednimas de higiene y salud necesarias para ella y su beb\u00e9.  <\/p>\n\n\n\n<p class=\"MsoNormal\">Los hechos quedaron registrados en un video que r\u00e1pidamente se hizo viral, debido&nbsp;a&nbsp;que retrata la precariedad de los servicios de salud y la poca empat\u00eda del personal m\u00e9dico con las mujeres en periodo de gestaci\u00f3n.&nbsp;&nbsp;<\/p>\n\n\n\n<p class=\"MsoNormal\">Previamente, se han registrado casos en el Hospital General \u201cPilar S\u00e1nchez Villavicencio\u201d de Huajuapan de Le\u00f3n; en la cl\u00ednica de San Antonio de la Cal; en el Centro de Salud del municipio de San Jacinto Amilpas; en el Hospital Comunitario \u201cLa Paz\u201d de la Sierra Sur; en el Centro de Salud de San Jos\u00e9 Manialtepec; en el IMSS de Salina Cruz; y el m\u00e1s ic\u00f3nico en el centro de salud de Jalapa de D\u00edaz. <\/p>\n","protected":false},"excerpt":{"rendered":"<p>Evlin Arag\u00f3n\/Zona Roja.&nbsp; Oaxaca de Ju\u00e1rez, Oax., 6 de septiembre de 2021.-&nbsp;La imagen de una&hellip;<\/p>\n","protected":false},"author":2,"featured_media":31710,"comment_status":"closed","ping_status":"open","sticky":false,"template":"","format":"standard","meta":{"_lmt_disableupdate":"","_lmt_disable":"","_jetpack_memberships_contains_paid_content":false,"footnotes":""},"categories":[109,47],"tags":[1261,203],"class_list":["post-31711","post","type-post","status-publish","format-standard","has-post-thumbnail","hentry","category-minuto-a-minuto","category-zona-gris","tag-delegacion-del-imss-oaxaca","tag-huautla-de-jimenez"],"jetpack_featured_media_url":"https:\/\/zonaroja.com.mx\/wp-content\/uploads\/2021\/09\/img_4830.jpg","jetpack_sharing_enabled":true,"_links":{"self":[{"href":"https:\/\/zonaroja.com.mx\/index.php?rest_route=\/wp\/v2\/posts\/31711","targetHints":{"allow":["GET"]}}],"collection":[{"href":"https:\/\/zonaroja.com.mx\/index.php?rest_route=\/wp\/v2\/posts"}],"about":[{"href":"https:\/\/zonaroja.com.mx\/index.php?rest_route=\/wp\/v2\/types\/post"}],"author":[{"embeddable":true,"href":"https:\/\/zonaroja.com.mx\/index.php?rest_route=\/wp\/v2\/users\/2"}],"replies":[{"embeddable":true,"href":"https:\/\/zonaroja.com.mx\/index.php?rest_route=%2Fwp%2Fv2%2Fcomments&post=31711"}],"version-history":[{"count":1,"href":"https:\/\/zonaroja.com.mx\/index.php?rest_route=\/wp\/v2\/posts\/31711\/revisions"}],"predecessor-version":[{"id":31712,"href":"https:\/\/zonaroja.com.mx\/index.php?rest_route=\/wp\/v2\/posts\/31711\/revisions\/31712"}],"wp:featuredmedia":[{"embeddable":true,"href":"https:\/\/zonaroja.com.mx\/index.php?rest_route=\/wp\/v2\/media\/31710"}],"wp:attachment":[{"href":"https:\/\/zonaroja.com.mx\/index.php?rest_route=%2Fwp%2Fv2%2Fmedia&parent=31711"}],"wp:term":[{"taxonomy":"category","embeddable":true,"href":"https:\/\/zonaroja.com.mx\/index.php?rest_route=%2Fwp%2Fv2%2Fcategories&post=31711"},{"taxonomy":"post_tag","embeddable":true,"href":"https:\/\/zonaroja.com.mx\/index.php?rest_route=%2Fwp%2Fv2%2Ftags&post=31711"}],"curies":[{"name":"wp","href":"https:\/\/api.w.org\/{rel}","templated":true}]}}