{"id":31713,"date":"2021-09-06T17:42:36","date_gmt":"2021-09-06T22:42:36","guid":{"rendered":"http:\/\/www.zonaroja.com.mx\/?p=31713"},"modified":"2021-09-06T17:42:39","modified_gmt":"2021-09-06T22:42:39","slug":"en-oaxaca-34-menores-de-tres-meses-de-edad-han-contraido-covid-tres-fallecieron","status":"publish","type":"post","link":"https:\/\/zonaroja.com.mx\/?p=31713","title":{"rendered":"En Oaxaca, 34 menores de tres meses de edad han contra\u00eddo Covid; tres fallecieron"},"content":{"rendered":"\n<p>Redacci\u00f3n\/Zona Roja.<\/p>\n\n\n\n<p>Oaxaca de Ju\u00e1rez, Oax. 6 de septiembre de 2021.- Seg\u00fan los datos de la evoluci\u00f3n de la pandemia por Covid-19, en Oaxaca se tiene contabilizado a un total de 34 menores de tres meses que han contra\u00eddo esta enfermedad, de los cuales, tres resultaron ser v\u00edctimas mortales.<\/p>\n\n\n\n<p>As\u00ed tambi\u00e9n suman 513 mujeres gestantes y 92 en periodo de puerperio con diagn\u00f3stico positivo a este coronavirus, de las cuales, desafortunadamente cinco perdieron la vida durante el embarazo y 12 despu\u00e9s del parto, inform\u00f3 la dependencia Servicios de Salud de Oaxaca (SSO).<\/p>\n\n\n\n<p>Expuso que las embarazadas, corren mayor riesgo de enfermarse gravemente a causa del Covid-19, y esta situaci\u00f3n se agudiza en aquellas que presentan alguna comorbilidad asociada como diabetes, hipertensi\u00f3n y obesidad principalmente.<\/p>\n\n\n\n<p>Ante este panorama, la instituci\u00f3n puntualiz\u00f3 la importancia, por un lado, de la vigilancia durante todo el embarazo para prevenir, controlar y establecer medidas oportunas al momento del nacimiento, asegurando el tratamiento adecuado de quienes potencialmente pueden infectarse.<\/p>\n\n\n\n<p>Y segundo, el autocuidado orientado a la detecci\u00f3n temprana de signos y s\u00edntomas, los cuales constituyen la clave para prevenir y en su defecto evitar cualquier tipo de complicaciones en la salud.<\/p>\n\n\n\n<p>En un comunicado, asever\u00f3 que una mujer embarazada positiva a Covid-19 puede ser asintom\u00e1tica, o presentar la patolog\u00eda en etapa leve o desarrollar una condici\u00f3n m\u00e1s grave, como cualquier otra persona.<\/p>\n\n\n\n<p>Sin embargo, hay cambios en la fisiolog\u00eda materna, principalmente en el tercer trimestre que generan mayor vulnerabilidad frente a infecciones virales, adem\u00e1s de que puede contagiar al reci\u00e9n nacido.<\/p>\n\n\n\n<p>Por lo cual, recomend\u00f3 que ante s\u00edntomas como: malestar f\u00edsico, dolor de cabeza, muscular, abdominal, tor\u00e1cico o al comer, as\u00ed como presencia de tos, fiebre, ataque al estado general, congesti\u00f3n nasal, escalofr\u00edo, dificultad para respirar, irritabilidad, v\u00f3mito, diarrea, respiraci\u00f3n r\u00e1pida, conjuntivitis o coloraci\u00f3n azulada de la piel, acudir al m\u00e9dico de manera inmediata.<\/p>\n\n\n\n<p>De igual forma, pidi\u00f3 estar atentos a las se\u00f1ales de alarma que pudieran presentar las y los reci\u00e9n nacidos como: temperatura corporal baja o elevada, dificultad respiratoria, taquicardia, ritmo card\u00edaco lento, presi\u00f3n arterial baja, p\u00e9rdida del apetito, v\u00f3mito, inflamaci\u00f3n abdominal, diarrea, cansancio o irritabilidad, en caso de detectar cualquier signo antes mencionado, acudir a la Unidad M\u00e9dica m\u00e1s cerca para ser valorados y puedan recibir un tratamiento oportuno.<\/p>\n\n\n\n<p>Cabe destacar, que aunado a la intensa Jornada de Vacunaci\u00f3n contra el SARS-CoV-2 en mujeres mayores de 18 a\u00f1os con m\u00e1s de nueve semanas de gestaci\u00f3n, que se lleva a cabo en todo el territorio oaxaque\u00f1o, es fundamental que en los hogares donde vivan embarazadas o neonatos apliquen siempre en el espacio p\u00fablico las estrategias de prevenci\u00f3n.<\/p>\n\n\n\n<p>En caso de que un integrante de la familia presente sintomatolog\u00eda relacionada a la enfermedad respiratoria, se refuercen las medidas sanitarias en todo momento para evitar el contagio, como es el caso del uso del cubrebocas, mantener la sana distancia, evitar abrazarlos, besarlos y en la medida de lo posible no toser o estornudar cerca de los mismos.<\/p>\n","protected":false},"excerpt":{"rendered":"<p>Redacci\u00f3n\/Zona Roja. Oaxaca de Ju\u00e1rez, Oax. 6 de septiembre de 2021.- Seg\u00fan los datos de&hellip;<\/p>\n","protected":false},"author":2,"featured_media":31714,"comment_status":"closed","ping_status":"open","sticky":false,"template":"","format":"standard","meta":{"_lmt_disableupdate":"","_lmt_disable":"","_jetpack_memberships_contains_paid_content":false,"footnotes":""},"categories":[109,47],"tags":[1512],"class_list":["post-31713","post","type-post","status-publish","format-standard","has-post-thumbnail","hentry","category-minuto-a-minuto","category-zona-gris","tag-coronavirus-oaxaca"],"jetpack_featured_media_url":"https:\/\/zonaroja.com.mx\/wp-content\/uploads\/2021\/09\/Menores-de-edad-coronavirus-Salud.jpeg","jetpack_sharing_enabled":true,"_links":{"self":[{"href":"https:\/\/zonaroja.com.mx\/index.php?rest_route=\/wp\/v2\/posts\/31713","targetHints":{"allow":["GET"]}}],"collection":[{"href":"https:\/\/zonaroja.com.mx\/index.php?rest_route=\/wp\/v2\/posts"}],"about":[{"href":"https:\/\/zonaroja.com.mx\/index.php?rest_route=\/wp\/v2\/types\/post"}],"author":[{"embeddable":true,"href":"https:\/\/zonaroja.com.mx\/index.php?rest_route=\/wp\/v2\/users\/2"}],"replies":[{"embeddable":true,"href":"https:\/\/zonaroja.com.mx\/index.php?rest_route=%2Fwp%2Fv2%2Fcomments&post=31713"}],"version-history":[{"count":1,"href":"https:\/\/zonaroja.com.mx\/index.php?rest_route=\/wp\/v2\/posts\/31713\/revisions"}],"predecessor-version":[{"id":31715,"href":"https:\/\/zonaroja.com.mx\/index.php?rest_route=\/wp\/v2\/posts\/31713\/revisions\/31715"}],"wp:featuredmedia":[{"embeddable":true,"href":"https:\/\/zonaroja.com.mx\/index.php?rest_route=\/wp\/v2\/media\/31714"}],"wp:attachment":[{"href":"https:\/\/zonaroja.com.mx\/index.php?rest_route=%2Fwp%2Fv2%2Fmedia&parent=31713"}],"wp:term":[{"taxonomy":"category","embeddable":true,"href":"https:\/\/zonaroja.com.mx\/index.php?rest_route=%2Fwp%2Fv2%2Fcategories&post=31713"},{"taxonomy":"post_tag","embeddable":true,"href":"https:\/\/zonaroja.com.mx\/index.php?rest_route=%2Fwp%2Fv2%2Ftags&post=31713"}],"curies":[{"name":"wp","href":"https:\/\/api.w.org\/{rel}","templated":true}]}}