{"id":31716,"date":"2021-09-06T19:00:38","date_gmt":"2021-09-07T00:00:38","guid":{"rendered":"http:\/\/www.zonaroja.com.mx\/?p=31716"},"modified":"2021-09-06T19:00:41","modified_gmt":"2021-09-07T00:00:41","slug":"madereros-de-san-pedro-el-alto-se-adhieren-a-confederacion-libertad","status":"publish","type":"post","link":"https:\/\/zonaroja.com.mx\/?p=31716","title":{"rendered":"Madereros de San Pedro El Alto se adhieren a Confederaci\u00f3n Libertad"},"content":{"rendered":"\n<p>Redacci\u00f3n\/Zona Norte.<\/p>\n\n\n\n<p>Oaxaca de Ju\u00e1rez, Oax., 6 de septiembre de 2021.- La Confederaci\u00f3n Libertad de Trabajadores de M\u00e9xico (CLTM), sum\u00f3 a sus filas a madereros de San Pedro el Alto, Zimatl\u00e1n, de la regi\u00f3n Valles Centrales, con lo cual el organismo se fortalece cada vez m\u00e1s.<\/p>\n\n\n\n<p>En un evento con un n\u00famero de representativo, para cuidar los protocolos sanitarios ante la pandemia que a\u00fan se encuentra activa, la secretaria General de la CLTM, Lupita D\u00edaz Pantoja, mostr\u00f3 su benepl\u00e1cito.<\/p>\n\n\n\n<p>La l\u00edder de los transportistas resalt\u00f3 que, a casi tres a\u00f1os de la fundaci\u00f3n de la Confederaci\u00f3n, el trabajo realizado comienza a dar resultados.<\/p>\n\n\n\n<p>En este sentido, aplaudi\u00f3 la labor realizada por Adelaida Ju\u00e1rez, quien encabeza a los madereros de la regi\u00f3n, al se\u00f1alar que las mujeres han logrado superarse a trav\u00e9s de la labor constante.<\/p>\n\n\n\n<p>Del mismo modo reconoci\u00f3 a Emilio Garc\u00eda de la Secci\u00f3n de Plataformas de la CLTM, as\u00ed como a Luciano Zarate Cort\u00e9s y Pablo Z\u00e1rate P\u00e9rez, coordinador y comisariado, quienes de igual forma y de manera conjunta han realizado un trabajo digno de reconocerse, asegur\u00f3 la l\u00edder.<\/p>\n\n\n\n<p>De esta forma y sumando esfuerzos, la Confederaci\u00f3n Libertad de Trabajadores de M\u00e9xico, se ha posicionado como uno de los organismos que ha logrado no s\u00f3lo ganar adeptos, sino que adem\u00e1s afiliado a cientos de transportistas a sus filas, quienes buscan una mejor calidad de vida.<\/p>\n","protected":false},"excerpt":{"rendered":"<p>Redacci\u00f3n\/Zona Norte. Oaxaca de Ju\u00e1rez, Oax., 6 de septiembre de 2021.- La Confederaci\u00f3n Libertad de&hellip;<\/p>\n","protected":false},"author":2,"featured_media":31717,"comment_status":"closed","ping_status":"open","sticky":false,"template":"","format":"standard","meta":{"_lmt_disableupdate":"","_lmt_disable":"","_jetpack_memberships_contains_paid_content":false,"footnotes":""},"categories":[109,47],"tags":[1761],"class_list":["post-31716","post","type-post","status-publish","format-standard","has-post-thumbnail","hentry","category-minuto-a-minuto","category-zona-gris","tag-confederacion-libertad-de-trabajadores-de-mexico"],"jetpack_featured_media_url":"https:\/\/zonaroja.com.mx\/wp-content\/uploads\/2021\/09\/Confederacion-Libertad.jpg","jetpack_sharing_enabled":true,"_links":{"self":[{"href":"https:\/\/zonaroja.com.mx\/index.php?rest_route=\/wp\/v2\/posts\/31716","targetHints":{"allow":["GET"]}}],"collection":[{"href":"https:\/\/zonaroja.com.mx\/index.php?rest_route=\/wp\/v2\/posts"}],"about":[{"href":"https:\/\/zonaroja.com.mx\/index.php?rest_route=\/wp\/v2\/types\/post"}],"author":[{"embeddable":true,"href":"https:\/\/zonaroja.com.mx\/index.php?rest_route=\/wp\/v2\/users\/2"}],"replies":[{"embeddable":true,"href":"https:\/\/zonaroja.com.mx\/index.php?rest_route=%2Fwp%2Fv2%2Fcomments&post=31716"}],"version-history":[{"count":1,"href":"https:\/\/zonaroja.com.mx\/index.php?rest_route=\/wp\/v2\/posts\/31716\/revisions"}],"predecessor-version":[{"id":31718,"href":"https:\/\/zonaroja.com.mx\/index.php?rest_route=\/wp\/v2\/posts\/31716\/revisions\/31718"}],"wp:featuredmedia":[{"embeddable":true,"href":"https:\/\/zonaroja.com.mx\/index.php?rest_route=\/wp\/v2\/media\/31717"}],"wp:attachment":[{"href":"https:\/\/zonaroja.com.mx\/index.php?rest_route=%2Fwp%2Fv2%2Fmedia&parent=31716"}],"wp:term":[{"taxonomy":"category","embeddable":true,"href":"https:\/\/zonaroja.com.mx\/index.php?rest_route=%2Fwp%2Fv2%2Fcategories&post=31716"},{"taxonomy":"post_tag","embeddable":true,"href":"https:\/\/zonaroja.com.mx\/index.php?rest_route=%2Fwp%2Fv2%2Ftags&post=31716"}],"curies":[{"name":"wp","href":"https:\/\/api.w.org\/{rel}","templated":true}]}}