{"id":31725,"date":"2021-09-06T22:11:08","date_gmt":"2021-09-07T03:11:08","guid":{"rendered":"http:\/\/www.zonaroja.com.mx\/?p=31725"},"modified":"2021-09-06T22:11:12","modified_gmt":"2021-09-07T03:11:12","slug":"inicia-proceso-electoral-para-elegir-gobernador-o-gobernadora-de-oaxaca","status":"publish","type":"post","link":"https:\/\/zonaroja.com.mx\/?p=31725","title":{"rendered":"Inicia proceso electoral para elegir gobernador o gobernadora de Oaxaca"},"content":{"rendered":"\n<p>Redacci\u00f3n\/Zona Roja.<\/p>\n\n\n\n<p>Oaxaca de Ju\u00e1rez, Oax., 6 de septiembre de 2021.- El Consejo General del Instituto Estatal Electoral y de Participaci\u00f3n Ciudadana de Oaxaca (IEEPCO), realiz\u00f3 hoy una sesi\u00f3n especial para la declaratoria formal de inicio del Proceso Electoral Ordinario 2021-2022 en la entidad.&nbsp;<\/p>\n\n\n\n<p>A partir de este momento, el Instituto llevar\u00e1 a cabo las acciones necesarias con el objetivo de garantizar el voto libre de la ciudadan\u00eda oaxaque\u00f1a para elegir a la gobernadora o gobernador del estado, el domingo 5 de junio de 2022, inform\u00f3 en un comunicado.<\/p>\n\n\n\n<p>Expuso que, aunque el panorama contin\u00faa siendo complejo en materia sanitaria derivado de la presencia del Covid-19, con el objetivo de proteger la salud de todas las personas involucradas, el IEEPCO implementar\u00e1 las buenas pr\u00e1cticas desarrolladas en 2021, por lo que ya se trabaja en la creaci\u00f3n de nuevas estrategias para asegurar las medidas sanitarias preventivas durante todas las actividades.<\/p>\n\n\n\n<p>Precis\u00f3 que en conjunto con el Instituto Nacional Electoral se trabajar\u00e1 para desarrollar de manera coordinada cada fase del proceso.<\/p>\n\n\n\n<p>Las consejeras y los consejeros electorales, durante sus participaciones, recalcaron la importancia de procurar las condiciones necesarias para la participaci\u00f3n de las mujeres, personas de pueblos ind\u00edgenas y afromexicanos, personas de la diversidad sexual, juventudes, y personas con discapacidad, haciendo \u00e9nfasis en invitar a los partidos pol\u00edticos a sumarse y generar espacios libres de violencia, respetando siempre la normatividad existente en materia electoral.<\/p>\n\n\n\n<figure class=\"wp-block-embed-twitter wp-block-embed is-type-rich is-provider-twitter\"><div class=\"wp-block-embed__wrapper\">\n<div class=\"twitter-tweet\"><blockquote class=\"twitter-tweet\" data-lang=\"es\"><p lang=\"es\" dir=\"ltr\"><a href=\"https:\/\/twitter.com\/hashtag\/%C3%9AltimoMinuto?src=hash&amp;ref_src=twsrc%5Etfw\">#\u00daltimoMinuto<\/a> <br>Esta tarde y por unanimidad de votos, el <a href=\"https:\/\/twitter.com\/IEEPCO?ref_src=twsrc%5Etfw\">@IEEPCO<\/a> decret\u00f3 el inicio del periodo electoral 2021-2022, en que se elegir\u00e1 a la o el titular del Poder Ejecutivo del estado de <a href=\"https:\/\/twitter.com\/hashtag\/Oaxaca?src=hash&amp;ref_src=twsrc%5Etfw\">#Oaxaca<\/a>. <a href=\"https:\/\/t.co\/kZJlmWNhH2\">pic.twitter.com\/kZJlmWNhH2<\/a><\/p>&mdash; Zona Roja Oaxaca (@Zona_Roja_Oax) <a href=\"https:\/\/twitter.com\/Zona_Roja_Oax\/status\/1435021801038524418?ref_src=twsrc%5Etfw\">6 de septiembre de 2021<\/a><\/blockquote><\/div>\n<\/div><\/figure>\n\n\n\n<p>Concordaron en refrendar el compromiso con el que rindieron protesta al cargo y con el que han desarrollado las actividades en los anteriores procesos electorales, destacando que es un compromiso institucional garantizar la realizaci\u00f3n de todos los actos necesarios para que el 5 de junio de 2022 se cuente con lo necesario para emitir el sufragio, privilegiando en todo momento la salud de las y los oaxaque\u00f1os.<\/p>\n\n\n\n<p>Finalmente realizaron un llamado a la ciudadan\u00eda para apropiarse de los espacios de participaci\u00f3n ciudadana que se abren con motivo de los trabajos del proceso electoral, ya que se requiere que participen de manera activa en la organizaci\u00f3n de la jornada electoral.&nbsp;<\/p>\n\n\n\n<p>Por su parte las representaciones de los partidos pol\u00edticos coincidieron que se deber\u00e1 trabajar en conjunto con un objetivo en com\u00fan ello con la finalidad de que la ciudadan\u00eda pueda emitir su voto en un proceso de certeza, equidad y transparencia, refrendando la confianza en el \u00f3rgano electoral.&nbsp;<\/p>\n","protected":false},"excerpt":{"rendered":"<p>Redacci\u00f3n\/Zona Roja. Oaxaca de Ju\u00e1rez, Oax., 6 de septiembre de 2021.- El Consejo General del&hellip;<\/p>\n","protected":false},"author":2,"featured_media":31726,"comment_status":"closed","ping_status":"open","sticky":false,"template":"","format":"standard","meta":{"_lmt_disableupdate":"","_lmt_disable":"","_jetpack_memberships_contains_paid_content":false,"footnotes":""},"categories":[109,46],"tags":[760],"class_list":["post-31725","post","type-post","status-publish","format-standard","has-post-thumbnail","hentry","category-minuto-a-minuto","category-zona-blanca","tag-instituto-estatal-electoral-y-de-participacion-ciudadana-de-oaxaca"],"jetpack_featured_media_url":"https:\/\/zonaroja.com.mx\/wp-content\/uploads\/2021\/09\/Inicio-proceso-electoral-IEEPCO.jpg","jetpack_sharing_enabled":true,"_links":{"self":[{"href":"https:\/\/zonaroja.com.mx\/index.php?rest_route=\/wp\/v2\/posts\/31725","targetHints":{"allow":["GET"]}}],"collection":[{"href":"https:\/\/zonaroja.com.mx\/index.php?rest_route=\/wp\/v2\/posts"}],"about":[{"href":"https:\/\/zonaroja.com.mx\/index.php?rest_route=\/wp\/v2\/types\/post"}],"author":[{"embeddable":true,"href":"https:\/\/zonaroja.com.mx\/index.php?rest_route=\/wp\/v2\/users\/2"}],"replies":[{"embeddable":true,"href":"https:\/\/zonaroja.com.mx\/index.php?rest_route=%2Fwp%2Fv2%2Fcomments&post=31725"}],"version-history":[{"count":1,"href":"https:\/\/zonaroja.com.mx\/index.php?rest_route=\/wp\/v2\/posts\/31725\/revisions"}],"predecessor-version":[{"id":31727,"href":"https:\/\/zonaroja.com.mx\/index.php?rest_route=\/wp\/v2\/posts\/31725\/revisions\/31727"}],"wp:featuredmedia":[{"embeddable":true,"href":"https:\/\/zonaroja.com.mx\/index.php?rest_route=\/wp\/v2\/media\/31726"}],"wp:attachment":[{"href":"https:\/\/zonaroja.com.mx\/index.php?rest_route=%2Fwp%2Fv2%2Fmedia&parent=31725"}],"wp:term":[{"taxonomy":"category","embeddable":true,"href":"https:\/\/zonaroja.com.mx\/index.php?rest_route=%2Fwp%2Fv2%2Fcategories&post=31725"},{"taxonomy":"post_tag","embeddable":true,"href":"https:\/\/zonaroja.com.mx\/index.php?rest_route=%2Fwp%2Fv2%2Ftags&post=31725"}],"curies":[{"name":"wp","href":"https:\/\/api.w.org\/{rel}","templated":true}]}}