{"id":31731,"date":"2021-09-06T22:48:21","date_gmt":"2021-09-07T03:48:21","guid":{"rendered":"http:\/\/www.zonaroja.com.mx\/?p=31731"},"modified":"2021-09-07T06:00:34","modified_gmt":"2021-09-07T11:00:34","slug":"ejecutan-a-empresario-en-tututepec-asaltan-negocio-en-pochutla","status":"publish","type":"post","link":"https:\/\/zonaroja.com.mx\/?p=31731","title":{"rendered":"Ejecutan a empresario en Tututepec; asaltan negocio en Pochutla"},"content":{"rendered":"\n<p>Redacci\u00f3n\/Zona Roja.<\/p>\n\n\n\n<p>Oaxaca de Ju\u00e1rez, Oax., 6 de septiembre de 2021.- Un empresario y productor de lim\u00f3n fue asesinado la tarde de este lunes en la regi\u00f3n de la Costa de Oaxaca.<\/p>\n\n\n\n<p>Se trata de Joaqu\u00edn Fern\u00e1ndez Grajales, quien fue ultimado por disparos de arma de fuego en la comunidad de Cacalote, perteneciente al municipio de Villa de Tututepec.<\/p>\n\n\n\n<p>La Vicefiscal\u00eda Regional de la Costa inici\u00f3 las indagatorias correspondientes pero hasta el momento no tiene ning\u00fan indicio del o los probables autores del asesinato.<\/p>\n\n\n\n<p>EN PLENO CENTRO<\/p>\n\n\n\n<p>Por otra parte, tambi\u00e9n la tarde de hoy pero en San Pedro Pochutla, al menos cuatro sujetos asaltaron un establecimiento comercial, en pleno centro de dicho municipio coste\u00f1o.<\/p>\n\n\n\n<figure class=\"wp-block-embed-twitter wp-block-embed is-type-rich is-provider-twitter\"><div class=\"wp-block-embed__wrapper\">\n<div class=\"twitter-tweet\"><blockquote class=\"twitter-tweet\" data-lang=\"es\"><p lang=\"es\" dir=\"ltr\"><a href=\"https:\/\/twitter.com\/hashtag\/%C3%9AltimoMinuto?src=hash&amp;ref_src=twsrc%5Etfw\">#\u00daltimoMinuto<\/a> <br>Mientras la presidenta municipal de San Pedro Pochutla, <a href=\"https:\/\/twitter.com\/saymipinedav?ref_src=twsrc%5Etfw\">@saymipinedav<\/a>, pasea con camioneta blindada y escoltas, el comercio y los ciudadanos sufren constantemente asaltos y robos.<br>En pleno centro y a unos pasos del palacio, cuatro sujetos armados atracaron tienda. <a href=\"https:\/\/t.co\/LLX0uWgHnX\">pic.twitter.com\/LLX0uWgHnX<\/a><\/p>&mdash; Zona Roja Oaxaca (@Zona_Roja_Oax) <a href=\"https:\/\/twitter.com\/Zona_Roja_Oax\/status\/1435040719740280835?ref_src=twsrc%5Etfw\">7 de septiembre de 2021<\/a><\/blockquote><\/div>\n<\/div><\/figure>\n\n\n\n<p>Se trata de la tienda \u201cEl B\u00fafalo\u201d, ubicada en la calle Constituci\u00f3n, donde los individuos, con pistolas y escopeta, amagan a clientes y cajeras, para robar el dinero, cuyo monto no se ha establecido.<\/p>\n\n\n\n<p>Los sujetos huyeron a bordo de motocicletas y, a falta de elementos policiacos, huyeron sin ser perseguidos, pese a que el hecho fue en c\u00e9ntricas calles, a unos metros del palacio municipal.<\/p>\n\n\n\n<p>Ciudadanos pochutlecos recriminaron la grave inseguridad y la ausencia de polic\u00edas municipales, mientras que la presidenta municipal Saymi Pineda Velasco, surgida del Partido Morena, se transporta en una camioneta blindada, tipo Grand Cherokee, de Jeep.<\/p>\n\n\n\n<p>Asimismo, viaja escoltada con otra camioneta con al menos cinco guardias de seguridad, adem\u00e1s de una patrulla con seis polic\u00edas municipales.<\/p>\n\n\n\n<figure class=\"wp-block-embed-twitter wp-block-embed is-type-rich is-provider-twitter\"><div class=\"wp-block-embed__wrapper\">\n<div class=\"twitter-tweet\"><blockquote class=\"twitter-tweet\" data-lang=\"es\"><p lang=\"es\" dir=\"ltr\"><a href=\"https:\/\/twitter.com\/hashtag\/%C3%9AltimoMinuto?src=hash&amp;ref_src=twsrc%5Etfw\">#\u00daltimoMinuto<\/a> <br>Sujetos armados a bordo de una motocicleta asaltaron hoy a un individuo en la avenida Universidad, al sur de la ciudad de <a href=\"https:\/\/twitter.com\/hashtag\/Oaxaca?src=hash&amp;ref_src=twsrc%5Etfw\">#Oaxaca<\/a> pero ya jurisdicci\u00f3n de Santa Cruz <a href=\"https:\/\/twitter.com\/hashtag\/Xoxocotl%C3%A1n?src=hash&amp;ref_src=twsrc%5Etfw\">#Xoxocotl\u00e1n<\/a>. <br>La v\u00edctima reci\u00e9n hab\u00eda retirado dinero de una sucursal bancaria en Plaza del Valle. <a href=\"https:\/\/t.co\/iMOmQ9EnhU\">pic.twitter.com\/iMOmQ9EnhU<\/a><\/p>&mdash; Zona Roja Oaxaca (@Zona_Roja_Oax) <a href=\"https:\/\/twitter.com\/Zona_Roja_Oax\/status\/1434952750580871169?ref_src=twsrc%5Etfw\">6 de septiembre de 2021<\/a><\/blockquote><\/div>\n<\/div><\/figure>\n\n\n\n<p>TAMBI\u00c9N EN LA CAPITAL<\/p>\n\n\n\n<p>Por otra parte, al filo del mediod\u00eda, un cuentahabiente fue asaltado en la avenida Universidad, al sur de la ciudad de Oaxaca pero jurisdicci\u00f3n de Xoxocotl\u00e1n, frente a un restaurante.<\/p>\n\n\n\n<p>La v\u00edctima reci\u00e9n hab\u00eda retirado una importante suma de dinero de una sucursal bancaria de Plaza del Valle y transitaba en la zona cuando fue interceptada por al menos dos sujetos a bordo de una motocicleta, que lo amagaron con una pistola y le arrebataron la bolsa con dinero, tras lo cual huyeron.<\/p>\n\n\n\n<p>No hubo mayor violencia pero s\u00ed alarma entre clientes de la zona, plagada de establecimientos comerciales; por tard\u00edo operativo policiaco, no fue posible localizar a los maleantes.<\/p>\n","protected":false},"excerpt":{"rendered":"<p>Redacci\u00f3n\/Zona Roja. Oaxaca de Ju\u00e1rez, Oax., 6 de septiembre de 2021.- Un empresario y productor&hellip;<\/p>\n","protected":false},"author":2,"featured_media":31732,"comment_status":"closed","ping_status":"open","sticky":false,"template":"","format":"standard","meta":{"_lmt_disableupdate":"","_lmt_disable":"","_jetpack_memberships_contains_paid_content":false,"footnotes":""},"categories":[109,51],"tags":[151,1203],"class_list":["post-31731","post","type-post","status-publish","format-standard","has-post-thumbnail","hentry","category-minuto-a-minuto","category-zona-roja","tag-san-pedro-pochutla","tag-villa-de-tututepec"],"jetpack_featured_media_url":"https:\/\/zonaroja.com.mx\/wp-content\/uploads\/2021\/09\/Empresario-Joaquin-Fernandez-Grajales.jpg","jetpack_sharing_enabled":true,"_links":{"self":[{"href":"https:\/\/zonaroja.com.mx\/index.php?rest_route=\/wp\/v2\/posts\/31731","targetHints":{"allow":["GET"]}}],"collection":[{"href":"https:\/\/zonaroja.com.mx\/index.php?rest_route=\/wp\/v2\/posts"}],"about":[{"href":"https:\/\/zonaroja.com.mx\/index.php?rest_route=\/wp\/v2\/types\/post"}],"author":[{"embeddable":true,"href":"https:\/\/zonaroja.com.mx\/index.php?rest_route=\/wp\/v2\/users\/2"}],"replies":[{"embeddable":true,"href":"https:\/\/zonaroja.com.mx\/index.php?rest_route=%2Fwp%2Fv2%2Fcomments&post=31731"}],"version-history":[{"count":2,"href":"https:\/\/zonaroja.com.mx\/index.php?rest_route=\/wp\/v2\/posts\/31731\/revisions"}],"predecessor-version":[{"id":31734,"href":"https:\/\/zonaroja.com.mx\/index.php?rest_route=\/wp\/v2\/posts\/31731\/revisions\/31734"}],"wp:featuredmedia":[{"embeddable":true,"href":"https:\/\/zonaroja.com.mx\/index.php?rest_route=\/wp\/v2\/media\/31732"}],"wp:attachment":[{"href":"https:\/\/zonaroja.com.mx\/index.php?rest_route=%2Fwp%2Fv2%2Fmedia&parent=31731"}],"wp:term":[{"taxonomy":"category","embeddable":true,"href":"https:\/\/zonaroja.com.mx\/index.php?rest_route=%2Fwp%2Fv2%2Fcategories&post=31731"},{"taxonomy":"post_tag","embeddable":true,"href":"https:\/\/zonaroja.com.mx\/index.php?rest_route=%2Fwp%2Fv2%2Ftags&post=31731"}],"curies":[{"name":"wp","href":"https:\/\/api.w.org\/{rel}","templated":true}]}}