{"id":31738,"date":"2021-09-07T07:25:39","date_gmt":"2021-09-07T12:25:39","guid":{"rendered":"http:\/\/www.zonaroja.com.mx\/?p=31738"},"modified":"2021-09-07T07:25:43","modified_gmt":"2021-09-07T12:25:43","slug":"poder-judicial-y-la-smo-juntos-por-la-no-violencia-contra-las-mujeres","status":"publish","type":"post","link":"https:\/\/zonaroja.com.mx\/?p=31738","title":{"rendered":"Poder Judicial y la SMO, juntos por la no violencia contra las mujeres"},"content":{"rendered":"\n<p>Redacci\u00f3n\/Zona Roja.<\/p>\n\n\n\n<p>Oaxaca de Ju\u00e1rez, Oax., 7 de septiembre de 2021.- En apoyo a las actividades que realizan los Centros para el Desarrollo de las Mujeres (CDM), que operan en diferentes municipios de las ocho regiones del estado, se realiz\u00f3 un donativo de 200 compendios de la Normatividad Internacional en Materia de Derechos Humanos de las Mujeres, el cual fue elaborado por la Direcci\u00f3n de Derechos Humanos y la Unidad de Igualdad de G\u00e9nero del Poder Judicial.<\/p>\n\n\n\n<p>En una ceremonia simb\u00f3lica, el presidente del Tribunal Superior de Justicia y del Consejo de la Judicatura del Estado, magistrado Eduardo Pinacho S\u00e1nchez, hizo entrega del material acompa\u00f1ado de la titular de la Secretar\u00eda de las Mujeres de Oaxaca (SMO), Ana V\u00e1squez Colmenares Guzm\u00e1n y de forma virtual de la directora general para una Vida Libre de Violencia y para la Igualdad Pol\u00edtica y Social del Instituto Nacional de la Mujeres (Inmujeres), maestra Anabel L\u00f3pez S\u00e1nchez.<\/p>\n\n\n\n<p>En su intervenci\u00f3n, destac\u00f3 que la instituci\u00f3n responsable de administrar justicia tiene que enfrentar un reto importante: capacitar y preparar a todos y cada uno de los operadores jur\u00eddicos para que atiendan esas situaciones relacionadas con la violencia contra las mujeres y de manera particular con aquellos sectores de la sociedad hist\u00f3ricamente vulnerados.<\/p>\n\n\n\n<p>La responsabilidad de enfrentar de manera adecuada la problem\u00e1tica de la violencia contra las mujeres no s\u00f3lo corresponde a las instituciones, sino tambi\u00e9n a la sociedad civil; por esa raz\u00f3n el Poder Judicial del Estado ha tejido alianzas interinstitucionales y con diferentes organizaciones, en una suma de esfuerzos, recursos y experiencias, afirm\u00f3.<\/p>\n\n\n\n<p>Por su parte, la titular de la SMO reconoci\u00f3 la disposici\u00f3n y apertura que ha mostrado el magistrado presidente Eduardo Pinacho S\u00e1nchez en el fortalecimiento de sinergias y acciones interinstitucionales que garanticen el derecho de las mujeres a vivir sin violencia.<\/p>\n\n\n\n<p>En este sentido resalt\u00f3 la labor de los 40 CDM en la entidad que brindan acompa\u00f1amiento psicol\u00f3gico, legal y capacitaciones en prevenci\u00f3n primaria de violencia y principalmente sobre la igualdad entre mujeres y hombres y que tan solo en 2020 brindaron 22 mil servicios a oaxaque\u00f1as en situaci\u00f3n de violencia en sus municipios.<\/p>\n\n\n\n<p>Adem\u00e1s, resalt\u00f3 que la estrategia, cuya operaci\u00f3n es resultado de la coordinaci\u00f3n entre los tres \u00e1mbitos de gobierno: federal (Inmujeres), estatal (SMO) y municipal-, obtuvo una menci\u00f3n especial a la Mejor pr\u00e1ctica local con enfoque de g\u00e9nero en la Uni\u00f3n Iberoamericana de Municipalistas (UIM), otorgada en Quinta Cumbre Iberoamericana de Agendas Locales de G\u00e9nero.<\/p>\n\n\n\n<p>El compendio de Normatividad Internacional en Materia de Derechos Humanos de la Mujeres, es una recopilaci\u00f3n de est\u00e1ndares internacionales y normas vinculantes a los temas de derechos humanos, acceso a la justicia, a la igualdad y no discriminaci\u00f3n.<\/p>\n\n\n\n<p>En la ceremonia realizada bajo los protocolos sanitarios vigentes, de manera simb\u00f3lica recibieron los compendios las encargadas de los Centros para el Desarrollo de las Mujeres de San Bartolo Coyotepec, Griselda P\u00e9rez Mart\u00ednez y \u00c1ngela Liz S\u00e1nchez, de Santo Domingo Tehuantepec<\/p>\n\n\n\n<p>En el marco de la ceremonia, la directora general para una Vida Libre de Violencia y para la Igualdad Pol\u00edtica y Social del Inmujeres, Anabel L\u00f3pez S\u00e1nchez imparti\u00f3 la conferencia magistral \u201cNormatividad Internacional en Materia de Derechos Humanos de las Mujeres\u201d, donde se\u00f1al\u00f3 que existen grandes retos para garantizar su ejercicio, principalmente, para aquellas que se encuentran en condiciones de vulnerabilidad.<\/p>\n","protected":false},"excerpt":{"rendered":"<p>Redacci\u00f3n\/Zona Roja. Oaxaca de Ju\u00e1rez, Oax., 7 de septiembre de 2021.- En apoyo a las&hellip;<\/p>\n","protected":false},"author":2,"featured_media":31739,"comment_status":"closed","ping_status":"open","sticky":false,"template":"","format":"standard","meta":{"_lmt_disableupdate":"","_lmt_disable":"","_jetpack_memberships_contains_paid_content":false,"footnotes":""},"categories":[109,46],"tags":[223],"class_list":["post-31738","post","type-post","status-publish","format-standard","has-post-thumbnail","hentry","category-minuto-a-minuto","category-zona-blanca","tag-poder-judicial-de-oaxaca"],"jetpack_featured_media_url":"https:\/\/zonaroja.com.mx\/wp-content\/uploads\/2021\/09\/Acciones-conjuntas-a-favor-de-las-mujeres.jpeg","jetpack_sharing_enabled":true,"_links":{"self":[{"href":"https:\/\/zonaroja.com.mx\/index.php?rest_route=\/wp\/v2\/posts\/31738","targetHints":{"allow":["GET"]}}],"collection":[{"href":"https:\/\/zonaroja.com.mx\/index.php?rest_route=\/wp\/v2\/posts"}],"about":[{"href":"https:\/\/zonaroja.com.mx\/index.php?rest_route=\/wp\/v2\/types\/post"}],"author":[{"embeddable":true,"href":"https:\/\/zonaroja.com.mx\/index.php?rest_route=\/wp\/v2\/users\/2"}],"replies":[{"embeddable":true,"href":"https:\/\/zonaroja.com.mx\/index.php?rest_route=%2Fwp%2Fv2%2Fcomments&post=31738"}],"version-history":[{"count":1,"href":"https:\/\/zonaroja.com.mx\/index.php?rest_route=\/wp\/v2\/posts\/31738\/revisions"}],"predecessor-version":[{"id":31740,"href":"https:\/\/zonaroja.com.mx\/index.php?rest_route=\/wp\/v2\/posts\/31738\/revisions\/31740"}],"wp:featuredmedia":[{"embeddable":true,"href":"https:\/\/zonaroja.com.mx\/index.php?rest_route=\/wp\/v2\/media\/31739"}],"wp:attachment":[{"href":"https:\/\/zonaroja.com.mx\/index.php?rest_route=%2Fwp%2Fv2%2Fmedia&parent=31738"}],"wp:term":[{"taxonomy":"category","embeddable":true,"href":"https:\/\/zonaroja.com.mx\/index.php?rest_route=%2Fwp%2Fv2%2Fcategories&post=31738"},{"taxonomy":"post_tag","embeddable":true,"href":"https:\/\/zonaroja.com.mx\/index.php?rest_route=%2Fwp%2Fv2%2Ftags&post=31738"}],"curies":[{"name":"wp","href":"https:\/\/api.w.org\/{rel}","templated":true}]}}