{"id":3174,"date":"2019-08-18T16:54:08","date_gmt":"2019-08-18T21:54:08","guid":{"rendered":"http:\/\/www.zonaroja.com.mx\/?p=3174"},"modified":"2019-08-18T16:54:10","modified_gmt":"2019-08-18T21:54:10","slug":"maria-eugenia-fue-reportada-como-desaparecida-en-puerto-escondido-hoy-fue-hallada-torturada-y-asesinada","status":"publish","type":"post","link":"https:\/\/zonaroja.com.mx\/?p=3174","title":{"rendered":"Mar\u00eda Eugenia fue reportada como desaparecida en Puerto Escondido; hoy fue hallada torturada y asesinada"},"content":{"rendered":"\n<p>Redacci\u00f3n\/Zona Roja.<\/p>\n\n\n\n<p>Oaxaca de Ju\u00e1rez, Oax., 18 de agosto de\n2019.- El grito de auxilio se difundi\u00f3 en las redes sociales: Hola buenos d\u00edas,\npodr\u00edan compartir esta foto, se los agradecer\u00eda mucho; est\u00e1 desaparecida desde\nel viernes a las 10 de la noche\u2026 Su nombre es Mar\u00eda Eugenia Guzm\u00e1n Gal\u00e1n\u201d.<\/p>\n\n\n\n<p>Cerca del mediod\u00eda de este domingo, fue\nhallado el cuerpo de la joven de aproximadamente 19 a\u00f1os de edad, en la Playa\nZicatela, en jurisdicci\u00f3n del municipio de San Pedro Mixtepec.<\/p>\n\n\n\n<figure class=\"wp-block-image\"><img decoding=\"async\" width=\"1024\" height=\"1024\" src=\"http:\/\/www.zonaroja.com.mx\/wp-content\/uploads\/2019\/08\/Feminicidio-Puerto-Escondido-1024x1024.jpg\" alt=\"\" class=\"wp-image-3175\" srcset=\"https:\/\/zonaroja.com.mx\/wp-content\/uploads\/2019\/08\/Feminicidio-Puerto-Escondido-1024x1024.jpg 1024w, https:\/\/zonaroja.com.mx\/wp-content\/uploads\/2019\/08\/Feminicidio-Puerto-Escondido-150x150.jpg 150w, https:\/\/zonaroja.com.mx\/wp-content\/uploads\/2019\/08\/Feminicidio-Puerto-Escondido-300x300.jpg 300w, https:\/\/zonaroja.com.mx\/wp-content\/uploads\/2019\/08\/Feminicidio-Puerto-Escondido-768x768.jpg 768w, https:\/\/zonaroja.com.mx\/wp-content\/uploads\/2019\/08\/Feminicidio-Puerto-Escondido-1170x1170.jpg 1170w, https:\/\/zonaroja.com.mx\/wp-content\/uploads\/2019\/08\/Feminicidio-Puerto-Escondido-585x585.jpg 585w, https:\/\/zonaroja.com.mx\/wp-content\/uploads\/2019\/08\/Feminicidio-Puerto-Escondido-640x640.jpg 640w, https:\/\/zonaroja.com.mx\/wp-content\/uploads\/2019\/08\/Feminicidio-Puerto-Escondido.jpg 1200w\" sizes=\"(max-width: 1024px) 100vw, 1024px\" \/><\/figure>\n\n\n\n<p>Presentaba huellas de violencia y\ntortura y se hall\u00f3 semidesnuda, en un camino que conduce a Playa Colorada,\nconfirmaron fuentes de seguridad p\u00fablica y de la Vicefiscal\u00eda Regional de la\nCosta.<\/p>\n\n\n\n<p>La indignaci\u00f3n surgi\u00f3 de inmediato este\nd\u00eda y la poblaci\u00f3n anunci\u00f3 una marcha para ma\u00f1ana lunes a partir de las 9:30\nhoras, con rumbo a la sede de la Vicefiscal\u00eda, a fin de exigir justicia.<\/p>\n","protected":false},"excerpt":{"rendered":"<p>Redacci\u00f3n\/Zona Roja. Oaxaca de Ju\u00e1rez, Oax., 18 de agosto de 2019.- El grito de auxilio&hellip;<\/p>\n","protected":false},"author":2,"featured_media":3176,"comment_status":"closed","ping_status":"open","sticky":false,"template":"","format":"standard","meta":{"_lmt_disableupdate":"","_lmt_disable":"","_jetpack_memberships_contains_paid_content":false,"footnotes":""},"categories":[109,51],"tags":[569],"class_list":["post-3174","post","type-post","status-publish","format-standard","has-post-thumbnail","hentry","category-minuto-a-minuto","category-zona-roja","tag-asesinan-a-mujer-en-puerto-escondido"],"jetpack_featured_media_url":"https:\/\/zonaroja.com.mx\/wp-content\/uploads\/2019\/08\/325b3f01-efc9-4585-8b86-0fbe4d7ccef9.jpg","jetpack_sharing_enabled":true,"_links":{"self":[{"href":"https:\/\/zonaroja.com.mx\/index.php?rest_route=\/wp\/v2\/posts\/3174","targetHints":{"allow":["GET"]}}],"collection":[{"href":"https:\/\/zonaroja.com.mx\/index.php?rest_route=\/wp\/v2\/posts"}],"about":[{"href":"https:\/\/zonaroja.com.mx\/index.php?rest_route=\/wp\/v2\/types\/post"}],"author":[{"embeddable":true,"href":"https:\/\/zonaroja.com.mx\/index.php?rest_route=\/wp\/v2\/users\/2"}],"replies":[{"embeddable":true,"href":"https:\/\/zonaroja.com.mx\/index.php?rest_route=%2Fwp%2Fv2%2Fcomments&post=3174"}],"version-history":[{"count":1,"href":"https:\/\/zonaroja.com.mx\/index.php?rest_route=\/wp\/v2\/posts\/3174\/revisions"}],"predecessor-version":[{"id":3177,"href":"https:\/\/zonaroja.com.mx\/index.php?rest_route=\/wp\/v2\/posts\/3174\/revisions\/3177"}],"wp:featuredmedia":[{"embeddable":true,"href":"https:\/\/zonaroja.com.mx\/index.php?rest_route=\/wp\/v2\/media\/3176"}],"wp:attachment":[{"href":"https:\/\/zonaroja.com.mx\/index.php?rest_route=%2Fwp%2Fv2%2Fmedia&parent=3174"}],"wp:term":[{"taxonomy":"category","embeddable":true,"href":"https:\/\/zonaroja.com.mx\/index.php?rest_route=%2Fwp%2Fv2%2Fcategories&post=3174"},{"taxonomy":"post_tag","embeddable":true,"href":"https:\/\/zonaroja.com.mx\/index.php?rest_route=%2Fwp%2Fv2%2Ftags&post=3174"}],"curies":[{"name":"wp","href":"https:\/\/api.w.org\/{rel}","templated":true}]}}