{"id":31741,"date":"2021-09-08T10:28:35","date_gmt":"2021-09-08T15:28:35","guid":{"rendered":"http:\/\/www.zonaroja.com.mx\/?p=31741"},"modified":"2021-09-07T07:29:47","modified_gmt":"2021-09-07T12:29:47","slug":"opinion-dimensiones-de-la-transformacion","status":"publish","type":"post","link":"https:\/\/zonaroja.com.mx\/?p=31741","title":{"rendered":"Opini\u00f3n. Dimensiones de la transformaci\u00f3n"},"content":{"rendered":"\n<p>Gibr\u00e1n Ram\u00edrez Reyes*<\/p>\n\n\n\n<p>Hemos llegado a mitad del camino. Dentro de tres a\u00f1os y veinticinco d\u00edas, L\u00f3pez Obrador entregar\u00e1 la banda presidencial a quien las urnas elijan como sucesor (siempre y cuando, \u00e9l lo ha dicho, triunfe en el refer\u00e9ndum de revocaci\u00f3n de mandato que se llevar\u00e1 a cabo el primer trimestre de 2022).<\/p>\n\n\n\n<p>En este punto, debe coincidirse con el presidente y su libro en que hay dimensiones en las que la transformaci\u00f3n de M\u00e9xico es ya irrevocable.<\/p>\n\n\n\n<p>Pol\u00edtica. M\u00e9xico ha pasado de un tripartidismo a dividirse en dos grandes bloques partidistas que representan, a su vez, dos bloques de pensamiento.<\/p>\n\n\n\n<p>Cognitiva. Si triunf\u00f3 Morena de manera arrolladora en 2021, incluso donde se postul\u00f3 a candidatos impresentables, esto se debe m\u00e1s a la decisi\u00f3n del pueblo de M\u00e9xico de caminar hacia un cambio que al entusiasmo coyuntural que Morena, nuestro mal dirigido veh\u00edculo partidista, pueda suscitar el d\u00eda de hoy.<\/p>\n\n\n\n<p>Hay, como en las revoluciones, masivos procesos deliberativos p\u00fablicos, rebeld\u00eda de los sectores antes oprimidos (aun frente al gobierno que ha decidido cesar la represi\u00f3n cotidiana), reacci\u00f3n y reformulaci\u00f3n de los sectores antes dominantes \u2014que ante la falta de ideas, han tenido que mirar hasta hacia las formaciones m\u00e1s pedestres y salvajes de la ultraderecha espa\u00f1ola\u2014; todos estos procesos habr\u00e1n de reflejarse en la arena institucional eventualmente.<\/p>\n\n\n\n<p>Normativa. Algunos de los cambios, aun si no se han instrumentado correctamente, no podr\u00e1n echarse atr\u00e1s a menos de que la reacci\u00f3n tenga en el mediano plazo una mayor\u00eda.<\/p>\n\n\n\n<p>Si la consigue absoluta, podr\u00e1 modificar m\u00ednimamente su curso, y podr\u00e1 desterrar los cambios hasta que la consiga constitucional. Los principales cambios en este plano han sido la derogaci\u00f3n de la evaluaci\u00f3n que castigaba profesores, la prohibici\u00f3n de la subcontrataci\u00f3n, las reformas a las leyes de hidrocarburos y de la industria el\u00e9ctrica, la creaci\u00f3n de la guardia nacional y, sobre todo, la instituci\u00f3n de los derechos sociales en el art\u00edculo cuarto constitucional.<\/p>\n\n\n\n<p>Algunos cambios fallidos, como la instituci\u00f3n del INSABI, se corregir\u00e1n en la segunda mitad del mandato de L\u00f3pez Obrador (para privilegiar el IMSS-Bienestar), seg\u00fan se\u00f1ala en su libro.<\/p>\n\n\n\n<p>Operativa. En los cambios de r\u00e9gimen, sobre todo en los que son revolucionarios, es esta dimensi\u00f3n la que toma m\u00e1s tiempo en asentarse \u2014y en este proceso esa no ha sido la excepci\u00f3n.<\/p>\n\n\n\n<p>En la inmediatez del triunfo se hace presente el fest\u00edn de oportunistas y de quienes creen merecer parte de un bot\u00edn por estar del lado del bando triunfador. Eso sucedi\u00f3, por ejemplo, con varios generales de la Revoluci\u00f3n Mexicana, algunos de los cuales incluso utilizaron el poder ah\u00ed acumulado para establecer cacicazgos que los protegieran del poder revolucionario instituido.<\/p>\n\n\n\n<p>No advirtieron, sino hasta bien entrado el siglo XX, que la legitimidad a la que contribuyeron, as\u00ed fuera repitiendo de dientes para afuera el discurso de la revoluci\u00f3n mexicana, terminar\u00eda por sepultar pol\u00edticamente a algunos de ellos y disciplinar a algunos m\u00e1s.<\/p>\n\n\n\n<p>Ser\u00e1 el destino que espere a quienes en todo el territorio nacional se esconden detr\u00e1s de la figura de L\u00f3pez Obrador para agitar banderas de Morena mientras mienten, roban y traicionan a la gente.<\/p>\n\n\n\n<p>*Doctor en ciencia pol\u00edtica por la UNAM.<\/p>\n","protected":false},"excerpt":{"rendered":"<p>Gibr\u00e1n Ram\u00edrez Reyes* Hemos llegado a mitad del camino. Dentro de tres a\u00f1os y veinticinco&hellip;<\/p>\n","protected":false},"author":2,"featured_media":24099,"comment_status":"closed","ping_status":"open","sticky":false,"template":"","format":"standard","meta":{"_lmt_disableupdate":"","_lmt_disable":"","_jetpack_memberships_contains_paid_content":false,"footnotes":""},"categories":[456,109],"tags":[2489],"class_list":["post-31741","post","type-post","status-publish","format-standard","has-post-thumbnail","hentry","category-columna","category-minuto-a-minuto","tag-gibran-ramirez-reyes"],"jetpack_featured_media_url":"https:\/\/zonaroja.com.mx\/wp-content\/uploads\/2021\/02\/Gibran-Ramirez-Reyes.jpg","jetpack_sharing_enabled":true,"_links":{"self":[{"href":"https:\/\/zonaroja.com.mx\/index.php?rest_route=\/wp\/v2\/posts\/31741","targetHints":{"allow":["GET"]}}],"collection":[{"href":"https:\/\/zonaroja.com.mx\/index.php?rest_route=\/wp\/v2\/posts"}],"about":[{"href":"https:\/\/zonaroja.com.mx\/index.php?rest_route=\/wp\/v2\/types\/post"}],"author":[{"embeddable":true,"href":"https:\/\/zonaroja.com.mx\/index.php?rest_route=\/wp\/v2\/users\/2"}],"replies":[{"embeddable":true,"href":"https:\/\/zonaroja.com.mx\/index.php?rest_route=%2Fwp%2Fv2%2Fcomments&post=31741"}],"version-history":[{"count":1,"href":"https:\/\/zonaroja.com.mx\/index.php?rest_route=\/wp\/v2\/posts\/31741\/revisions"}],"predecessor-version":[{"id":31742,"href":"https:\/\/zonaroja.com.mx\/index.php?rest_route=\/wp\/v2\/posts\/31741\/revisions\/31742"}],"wp:featuredmedia":[{"embeddable":true,"href":"https:\/\/zonaroja.com.mx\/index.php?rest_route=\/wp\/v2\/media\/24099"}],"wp:attachment":[{"href":"https:\/\/zonaroja.com.mx\/index.php?rest_route=%2Fwp%2Fv2%2Fmedia&parent=31741"}],"wp:term":[{"taxonomy":"category","embeddable":true,"href":"https:\/\/zonaroja.com.mx\/index.php?rest_route=%2Fwp%2Fv2%2Fcategories&post=31741"},{"taxonomy":"post_tag","embeddable":true,"href":"https:\/\/zonaroja.com.mx\/index.php?rest_route=%2Fwp%2Fv2%2Ftags&post=31741"}],"curies":[{"name":"wp","href":"https:\/\/api.w.org\/{rel}","templated":true}]}}