{"id":31750,"date":"2021-09-07T15:11:57","date_gmt":"2021-09-07T20:11:57","guid":{"rendered":"https:\/\/www.zonaroja.com.mx\/?p=31750"},"modified":"2021-09-07T15:14:32","modified_gmt":"2021-09-07T20:14:32","slug":"no-cesan-los-bloqueos-y-las-protestas-en-oaxaca-ante-ausencia-de-segego","status":"publish","type":"post","link":"https:\/\/zonaroja.com.mx\/?p=31750","title":{"rendered":"No cesan los bloqueos y las protestas en Oaxaca, ante ausencia de Segego"},"content":{"rendered":"\n<p class=\"MsoNormal\">Evlin Arag\u00f3n\/Zona Roja. <\/p>\n\n\n\n<p class=\"MsoNormal\">Oaxaca de Ju\u00e1rez, Oax., 7 de septiembre de 2021.-&nbsp;Este martes&nbsp;y desde temprana hora, integrantes de diversas organizaciones sociales iniciaron una serie de movilizaciones en la capital, zona conurbada e interior de la entidad oaxaque\u00f1a, incluyendo el bloqueo de la v\u00eda federal 175, a la altura del crucero del Aeropuerto \u201cBenito Ju\u00e1rez\u201d.&nbsp;&nbsp;<\/p>\n\n\n\n<p class=\"MsoNormal\">Con el apoyo de unidades de transporte p\u00fablico, previamente secuestradas, el grupo de manifestantes concret\u00f3 el corte a la vialidad, lo que ocasion\u00f3 malestar de la poblaci\u00f3n que habita al sur de la capital y que tuvo que caminar y trasbordar para llegar a su destino.&nbsp;&nbsp;<\/p>\n\n\n\n<p class=\"MsoNormal\">Dentro de las principales demandas que dieron origen a la protesta se encuentran la soluci\u00f3n al conflicto pol\u00edtico y social que se vive en el municipio de San Jos\u00e9 Ayuquila, as\u00ed como justicia para el activista Catarino Torres Pereda, asesinado en el 2010.&nbsp;&nbsp;<\/p>\n\n\n\n<p class=\"MsoNormal\">Apenas&nbsp;este lunes, habitantes de la localidad protestaron para exigir la revocaci\u00f3n del mandato del edil Mois\u00e9s Cari\u00f1o R\u00edos, a quien acusan de corrupci\u00f3n y desv\u00edo de recursos, raz\u00f3n por la que exigen que abandone el cargo, junto con el resto de los integrantes de su Cabildo.&nbsp;<\/p>\n\n\n\n<p class=\"MsoNormal\">En otro punto de la ciudad, vecinos de la colonia Fernando G\u00f3mez Sandoval bloquearon el acceso al fraccionamiento El Rosario, a la altura del puente de la agencia de Cinco Se\u00f1ores, en donde denunciaron el enga\u00f1o del que fueron v\u00edctimas por parte del edil de Santa Luc\u00eda del Camino, Dante Monta\u00f1o, y el titular de la Comisi\u00f3n Estatal del Agua, H\u00e9ctor Pablo Ram\u00edrez Puga.&nbsp;<\/p>\n\n\n\n<p class=\"MsoNormal\">Ferm\u00edn Su\u00e1rez Ruiz, representante de la demarcaci\u00f3n, explic\u00f3 que debido a las fuertes lluvias que se registraron la noche de&nbsp;este lunes, el r\u00edo Salado estuvo a punto de desbordarse, debido a la falta de obra de drenaje en la zona, situaci\u00f3n que puso en riesgo a decenas de familias.&nbsp;&nbsp;<\/p>\n\n\n\n<p class=\"MsoNormal\">\u201cNo queremos cuatro u ocho carriles, queremos obras funcionales que atiendan los servicios b\u00e1sicos de las colonias y sus habitantes\u201d, dijo.&nbsp;&nbsp;<\/p>\n\n\n\n<p class=\"MsoNormal\">En este mismo sentido, vecinos de los fraccionamientos Trinidad de las Huertas y La Noria denunciaron la nula atenci\u00f3n por parte del ayuntamiento de Oaxaca de Ju\u00e1rez y del edil Oswaldo Garc\u00eda Jarqu\u00edn, quien ha hecho caso omiso a la solicitud de rehabilitaci\u00f3n de un canal de aguas pluviales en la zona.&nbsp;&nbsp;<\/p>\n\n\n\n<p class=\"MsoNormal\">Debido a las intensas precipitaciones registradas en las \u00faltimas horas, dicho canal se desbord\u00f3 ocasionando afectaciones en las calles y viviendas cercanas, por lo que iniciaron con la protesta y aseguraron no se mover\u00edan del lugar hasta que las autoridades cumplan con su obligaci\u00f3n.&nbsp;&nbsp;<\/p>\n\n\n\n<p class=\"MsoNormal\">Finalmente, pobladores del municipio de Santa Ana Zegache, encabezados por el edil Helmer Gaspar Guerra, bloquearon los accesos de Ciudad Judicial en exigencia de atenci\u00f3n a sus demandas de electrificaci\u00f3n, pavimentaci\u00f3n y drenaje sanitario, por parte de las autoridades estatales.&nbsp;&nbsp;<\/p>\n\n\n\n<p class=\"xmsonormal\">Cabe se\u00f1alar que integrantes del Sindicato Independiente de Trabajadores y Profesionales en Salud (Sityps) mantienen, por cuarta semana consecutiva, su plant\u00f3n indefinido a las afueras de Casa Oficial para denunciar el despido de m\u00e1s de mil 500 empleados de confianza por parte de los Servicios de Salud de Oaxaca (SSO). <\/p>\n","protected":false},"excerpt":{"rendered":"<p>Evlin Arag\u00f3n\/Zona Roja. Oaxaca de Ju\u00e1rez, Oax., 7 de septiembre de 2021.-&nbsp;Este martes&nbsp;y desde temprana&hellip;<\/p>\n","protected":false},"author":2,"featured_media":31752,"comment_status":"closed","ping_status":"open","sticky":false,"template":"","format":"standard","meta":{"_lmt_disableupdate":"","_lmt_disable":"","_jetpack_memberships_contains_paid_content":false,"footnotes":""},"categories":[109,1,47],"tags":[],"class_list":["post-31750","post","type-post","status-publish","format-standard","has-post-thumbnail","hentry","category-minuto-a-minuto","category-sin-categoria","category-zona-gris"],"jetpack_featured_media_url":"https:\/\/zonaroja.com.mx\/wp-content\/uploads\/2021\/09\/de8e7706-a9d5-445f-8fcf-6611619ea255.jpg","jetpack_sharing_enabled":true,"_links":{"self":[{"href":"https:\/\/zonaroja.com.mx\/index.php?rest_route=\/wp\/v2\/posts\/31750","targetHints":{"allow":["GET"]}}],"collection":[{"href":"https:\/\/zonaroja.com.mx\/index.php?rest_route=\/wp\/v2\/posts"}],"about":[{"href":"https:\/\/zonaroja.com.mx\/index.php?rest_route=\/wp\/v2\/types\/post"}],"author":[{"embeddable":true,"href":"https:\/\/zonaroja.com.mx\/index.php?rest_route=\/wp\/v2\/users\/2"}],"replies":[{"embeddable":true,"href":"https:\/\/zonaroja.com.mx\/index.php?rest_route=%2Fwp%2Fv2%2Fcomments&post=31750"}],"version-history":[{"count":2,"href":"https:\/\/zonaroja.com.mx\/index.php?rest_route=\/wp\/v2\/posts\/31750\/revisions"}],"predecessor-version":[{"id":31753,"href":"https:\/\/zonaroja.com.mx\/index.php?rest_route=\/wp\/v2\/posts\/31750\/revisions\/31753"}],"wp:featuredmedia":[{"embeddable":true,"href":"https:\/\/zonaroja.com.mx\/index.php?rest_route=\/wp\/v2\/media\/31752"}],"wp:attachment":[{"href":"https:\/\/zonaroja.com.mx\/index.php?rest_route=%2Fwp%2Fv2%2Fmedia&parent=31750"}],"wp:term":[{"taxonomy":"category","embeddable":true,"href":"https:\/\/zonaroja.com.mx\/index.php?rest_route=%2Fwp%2Fv2%2Fcategories&post=31750"},{"taxonomy":"post_tag","embeddable":true,"href":"https:\/\/zonaroja.com.mx\/index.php?rest_route=%2Fwp%2Fv2%2Ftags&post=31750"}],"curies":[{"name":"wp","href":"https:\/\/api.w.org\/{rel}","templated":true}]}}