{"id":31760,"date":"2021-09-07T20:28:05","date_gmt":"2021-09-08T01:28:05","guid":{"rendered":"http:\/\/www.zonaroja.com.mx\/?p=31760"},"modified":"2021-09-07T20:28:08","modified_gmt":"2021-09-08T01:28:08","slug":"confia-murat-en-proceso-electoral-exitoso-para-su-sucesion","status":"publish","type":"post","link":"https:\/\/zonaroja.com.mx\/?p=31760","title":{"rendered":"Conf\u00eda Murat en proceso electoral exitoso, para su sucesi\u00f3n"},"content":{"rendered":"\n<p>Redacci\u00f3n\/Zona Roja.<\/p>\n\n\n\n<p>Oaxaca de Ju\u00e1rez, Oax., 7 de septiembre de 2021.- En el arranque de la sucesi\u00f3n gubernamental, el titular del Poder Ejecutivo de Oaxaca, Alejandro Murat Hinojosa, augur\u00f3 un proceso comicial exitoso, como lo fueron las recientes elecciones.<\/p>\n\n\n\n<p>\u201cQue sea una gran fiesta democr\u00e1tica, en donde la ciudadan\u00eda tenga la absoluta libertad de elegir cu\u00e1l es la ruta que quiere para Oaxaca\u201d, dijo a medios de comunicaci\u00f3n este martes, durante una entrevista colectiva.<\/p>\n\n\n\n<p>Refiri\u00f3 que el estado y el pa\u00eds vivi\u00f3 recientemente un proceso exitoso, que culmin\u00f3 con las elecciones del pasado 6 de junio, en que se eligieron diputados locales y ediles, as\u00ed como legisladores federales.<\/p>\n\n\n\n<p>\u201cHar\u00eda un reconocimiento a todos los actores, actoras y por supuesto a los partidos pol\u00edticos; me sumar\u00eda a que podamos replicar ese \u00e9xito que acabamos de vivir recientemente, ahora en este proceso que arranca para la gubernatura del estado.<\/p>\n\n\n\n<figure class=\"wp-block-embed-twitter wp-block-embed is-type-rich is-provider-twitter\"><div class=\"wp-block-embed__wrapper\">\n<div class=\"twitter-tweet\"><blockquote class=\"twitter-tweet\" data-lang=\"es\"><p lang=\"es\" dir=\"ltr\"><a href=\"https:\/\/twitter.com\/hashtag\/%C3%9AltimoMinuto?src=hash&amp;ref_src=twsrc%5Etfw\">#\u00daltimoMinuto<\/a> <br>Tras el inicio ayer del proceso electoral 2021-2022 en <a href=\"https:\/\/twitter.com\/hashtag\/Oaxaca?src=hash&amp;ref_src=twsrc%5Etfw\">#Oaxaca<\/a>, esto fue lo que dijo el gobernador <a href=\"https:\/\/twitter.com\/alejandromurat?ref_src=twsrc%5Etfw\">@alejandromurat<\/a> al respecto:<br>\u201cQue sea una gran fiesta democr\u00e1tica, donde la ciudadan\u00eda tenga la absoluta libertad de elegir cu\u00e1l es la ruta que quiere\u201d. <a href=\"https:\/\/t.co\/KZtpgTYbfH\">pic.twitter.com\/KZtpgTYbfH<\/a><\/p>&mdash; Zona Roja Oaxaca (@Zona_Roja_Oax) <a href=\"https:\/\/twitter.com\/Zona_Roja_Oax\/status\/1435356067123322886?ref_src=twsrc%5Etfw\">7 de septiembre de 2021<\/a><\/blockquote><\/div>\n<\/div><\/figure>\n\n\n\n<p>\u201cCivilidad, ante todo; sin duda siempre el di\u00e1logo y el debate, es sano, eso al final tambi\u00e9n es la contienda; que se d\u00e9 un debate abierto en una gran conversaci\u00f3n con la sociedad y que tenga todos los elementos para poder elegir la ruta que quiere el pueblo de Oaxaca\u201d, refiri\u00f3 Murat Hinojosa.<\/p>\n\n\n\n<p>El pasado mi\u00e9rcoles 1 de septiembre, el Congreso del Estado emiti\u00f3 la declaratoria correspondiente para los comicios, en que se renovar\u00e1 \u00fanicamente la gubernatura.<\/p>\n\n\n\n<p>Ayer, 6 de septiembre, el consejo general del Instituto Estatal Electoral y de Participaci\u00f3n Ciudadana de Oaxaca, dio inicio formal al proceso 2021-2022, que culminar\u00e1 con la elecci\u00f3n el 5 de junio pr\u00f3ximo.<\/p>\n","protected":false},"excerpt":{"rendered":"<p>Redacci\u00f3n\/Zona Roja. Oaxaca de Ju\u00e1rez, Oax., 7 de septiembre de 2021.- En el arranque de&hellip;<\/p>\n","protected":false},"author":2,"featured_media":31761,"comment_status":"closed","ping_status":"open","sticky":false,"template":"","format":"standard","meta":{"_lmt_disableupdate":"","_lmt_disable":"","_jetpack_memberships_contains_paid_content":false,"footnotes":""},"categories":[109,47],"tags":[173],"class_list":["post-31760","post","type-post","status-publish","format-standard","has-post-thumbnail","hentry","category-minuto-a-minuto","category-zona-gris","tag-alejandro-murat-hinojosa"],"jetpack_featured_media_url":"https:\/\/zonaroja.com.mx\/wp-content\/uploads\/2021\/09\/Alejandro-Murat-entrevista.jpg","jetpack_sharing_enabled":true,"_links":{"self":[{"href":"https:\/\/zonaroja.com.mx\/index.php?rest_route=\/wp\/v2\/posts\/31760","targetHints":{"allow":["GET"]}}],"collection":[{"href":"https:\/\/zonaroja.com.mx\/index.php?rest_route=\/wp\/v2\/posts"}],"about":[{"href":"https:\/\/zonaroja.com.mx\/index.php?rest_route=\/wp\/v2\/types\/post"}],"author":[{"embeddable":true,"href":"https:\/\/zonaroja.com.mx\/index.php?rest_route=\/wp\/v2\/users\/2"}],"replies":[{"embeddable":true,"href":"https:\/\/zonaroja.com.mx\/index.php?rest_route=%2Fwp%2Fv2%2Fcomments&post=31760"}],"version-history":[{"count":1,"href":"https:\/\/zonaroja.com.mx\/index.php?rest_route=\/wp\/v2\/posts\/31760\/revisions"}],"predecessor-version":[{"id":31762,"href":"https:\/\/zonaroja.com.mx\/index.php?rest_route=\/wp\/v2\/posts\/31760\/revisions\/31762"}],"wp:featuredmedia":[{"embeddable":true,"href":"https:\/\/zonaroja.com.mx\/index.php?rest_route=\/wp\/v2\/media\/31761"}],"wp:attachment":[{"href":"https:\/\/zonaroja.com.mx\/index.php?rest_route=%2Fwp%2Fv2%2Fmedia&parent=31760"}],"wp:term":[{"taxonomy":"category","embeddable":true,"href":"https:\/\/zonaroja.com.mx\/index.php?rest_route=%2Fwp%2Fv2%2Fcategories&post=31760"},{"taxonomy":"post_tag","embeddable":true,"href":"https:\/\/zonaroja.com.mx\/index.php?rest_route=%2Fwp%2Fv2%2Ftags&post=31760"}],"curies":[{"name":"wp","href":"https:\/\/api.w.org\/{rel}","templated":true}]}}