{"id":31766,"date":"2021-09-08T07:33:09","date_gmt":"2021-09-08T12:33:09","guid":{"rendered":"http:\/\/www.zonaroja.com.mx\/?p=31766"},"modified":"2021-09-08T07:33:13","modified_gmt":"2021-09-08T12:33:13","slug":"emboscan-y-matan-a-individuo-en-comunidad-oaxaquena-siguen-asaltos","status":"publish","type":"post","link":"https:\/\/zonaroja.com.mx\/?p=31766","title":{"rendered":"Emboscan y matan a individuo en comunidad oaxaque\u00f1a; siguen asaltos"},"content":{"rendered":"\n<p>Redacci\u00f3n\/Zona Roja.<\/p>\n\n\n\n<p>Oaxaca de Ju\u00e1rez, Oax., 8 de septiembre de 2021.- Una persona del sexo masculino muri\u00f3 a causa de disparos de arma de fuego, tras ser emboscado en una comunidad de la regi\u00f3n Sierra Sur de Oaxaca.<\/p>\n\n\n\n<p>Los hechos ocurrieron la ma\u00f1ana de ayer en que sujetos armados dispararon en contra del ocupante de una camioneta marca Ford, con placas del estado de Veracruz, en el paraje \u201cYegalache\u201d, jurisdicci\u00f3n de San Luis Amatl\u00e1n, municipio del distrito de Miahuatl\u00e1n.<\/p>\n\n\n\n<p>En el lugar muri\u00f3 la v\u00edctima, identificada posteriormente por sus familiares como Gregorio R. J., de aproximadamente 40 a\u00f1os de edad, y a\u00fan se desconocen los motivos del ataque.<\/p>\n\n\n\n<p>En tanto, en las \u00faltimas horas se han desatado tambi\u00e9n una serie de asaltos violentos, el m\u00e1s reciente ocurrido anoche en inmediaciones de Santa Mar\u00eda Atzompa, municipio conurbado a la capital.<\/p>\n\n\n\n<p>Un individuo a bordo de su motocicleta opuso resistencia para ser asaltado, por lo cual fue herido de bala y trasladado a un hospital de la capital.<\/p>\n\n\n\n<p>En tanto, en Juchit\u00e1n de Zaragoza, regi\u00f3n del Istmo, ayer por la tarde ocurri\u00f3 otro sangriento asalto a un trabajador de la tienda Coppel.<\/p>\n\n\n\n<p>Fue en inmediaciones del pante\u00f3n Domingo de Ramos en que Roque S. F., result\u00f3 lesionado tras robarle sus pertenencias, por lo que fue trasladado a un hospital, donde a\u00fan lo reportan delicado de salud.<\/p>\n","protected":false},"excerpt":{"rendered":"<p>Redacci\u00f3n\/Zona Roja. Oaxaca de Ju\u00e1rez, Oax., 8 de septiembre de 2021.- Una persona del sexo&hellip;<\/p>\n","protected":false},"author":2,"featured_media":31767,"comment_status":"closed","ping_status":"open","sticky":false,"template":"","format":"standard","meta":{"_lmt_disableupdate":"","_lmt_disable":"","_jetpack_memberships_contains_paid_content":false,"footnotes":""},"categories":[109,51],"tags":[1800],"class_list":["post-31766","post","type-post","status-publish","format-standard","has-post-thumbnail","hentry","category-minuto-a-minuto","category-zona-roja","tag-san-luis-amatlan"],"jetpack_featured_media_url":"https:\/\/zonaroja.com.mx\/wp-content\/uploads\/2021\/09\/Balazos-Atzompa.jpg","jetpack_sharing_enabled":true,"_links":{"self":[{"href":"https:\/\/zonaroja.com.mx\/index.php?rest_route=\/wp\/v2\/posts\/31766","targetHints":{"allow":["GET"]}}],"collection":[{"href":"https:\/\/zonaroja.com.mx\/index.php?rest_route=\/wp\/v2\/posts"}],"about":[{"href":"https:\/\/zonaroja.com.mx\/index.php?rest_route=\/wp\/v2\/types\/post"}],"author":[{"embeddable":true,"href":"https:\/\/zonaroja.com.mx\/index.php?rest_route=\/wp\/v2\/users\/2"}],"replies":[{"embeddable":true,"href":"https:\/\/zonaroja.com.mx\/index.php?rest_route=%2Fwp%2Fv2%2Fcomments&post=31766"}],"version-history":[{"count":1,"href":"https:\/\/zonaroja.com.mx\/index.php?rest_route=\/wp\/v2\/posts\/31766\/revisions"}],"predecessor-version":[{"id":31768,"href":"https:\/\/zonaroja.com.mx\/index.php?rest_route=\/wp\/v2\/posts\/31766\/revisions\/31768"}],"wp:featuredmedia":[{"embeddable":true,"href":"https:\/\/zonaroja.com.mx\/index.php?rest_route=\/wp\/v2\/media\/31767"}],"wp:attachment":[{"href":"https:\/\/zonaroja.com.mx\/index.php?rest_route=%2Fwp%2Fv2%2Fmedia&parent=31766"}],"wp:term":[{"taxonomy":"category","embeddable":true,"href":"https:\/\/zonaroja.com.mx\/index.php?rest_route=%2Fwp%2Fv2%2Fcategories&post=31766"},{"taxonomy":"post_tag","embeddable":true,"href":"https:\/\/zonaroja.com.mx\/index.php?rest_route=%2Fwp%2Fv2%2Ftags&post=31766"}],"curies":[{"name":"wp","href":"https:\/\/api.w.org\/{rel}","templated":true}]}}