{"id":31776,"date":"2021-09-08T08:27:36","date_gmt":"2021-09-08T13:27:36","guid":{"rendered":"http:\/\/www.zonaroja.com.mx\/?p=31776"},"modified":"2021-09-08T08:27:40","modified_gmt":"2021-09-08T13:27:40","slug":"en-arranque-del-proceso-electoral-tres-encuestas-favorecen-a-susana-harp","status":"publish","type":"post","link":"https:\/\/zonaroja.com.mx\/?p=31776","title":{"rendered":"En arranque del proceso electoral, tres encuestas favorecen a Susana Harp"},"content":{"rendered":"\n<p>Evlin Arag\u00f3n\/Zona Roja.<\/p>\n\n\n\n<p>Oaxaca de Ju\u00e1rez, Oax., 8 de septiembre de 2021.- Tras haber dado inicio de manera formal el proceso electoral 2021-2022, para la renovaci\u00f3n de la gubernatura en Oaxaca, las mediciones de intenci\u00f3n del voto de por lo menos tres casas encuestadoras dan el triunfo indiscutible al partido Movimiento de Regeneraci\u00f3n Nacional (Morena).<\/p>\n\n\n\n<p>En su \u00faltima consulta Massive Caller ubica a Morena con un 44.5 por ciento en la intenci\u00f3n del voto, seguida del PRI con 22.7 por ciento y 20.9 por ciento que a\u00fan no decide su voto; Acci\u00f3n Nacional se queda sumamente rezagado con 4.5 por ciento.&nbsp;<\/p>\n\n\n\n<p>Mientras que en las candidaturas la pelea est\u00e1 entre Susana Harp y Salom\u00f3n Jara, ambos con una curul en el Senado de la Rep\u00fablica y con una intenci\u00f3n del voto de 29.2 y 24.5 por ciento, respectivamente; mientras que Nancy Ortiz, Adelfo Regino, Luis Antonio Ram\u00edrez Pineda y Karina Bar\u00f3n, a\u00fan se ubican por debajo del 10 por ciento.&nbsp;<\/p>\n\n\n\n<p>Por su parte los candidatos que figuran por el PRI, como principal contrincante, son: Samuel Gurri\u00f3n, Eviel P\u00e9rez, Alejandro Avil\u00e9s y Eufrosina Cruz, con 16.7, 14.8, 11.1 y 5.6 por ciento respectivamente.&nbsp;<\/p>\n\n\n\n<p>La encuestadora Poligrama coincide en la alta preferencia que tiene Morena en la entidad oaxaque\u00f1a, ubic\u00e1ndola con un 57.78 por ciento de simpat\u00eda y deja en la lona a los partidos, que en el caso del PRI, PAN y PRD s\u00f3lo en coalici\u00f3n logran superar el 11 por ciento.&nbsp;<\/p>\n\n\n\n<p>Como parte de su m\u00e1s reciente medici\u00f3n y bajo la pregunta de \u00bfa qui\u00e9n prefiere como candidato de Morena para la gubernatura de Oaxaca?, independientemente de su preferencia, coloca a Susana Harp mucho m\u00e1s arriba de Salom\u00f3n Jara, ello con un 28.45 sobre un 15.81 por ciento; sin embargo, incluye como candidato a Benjam\u00edn Robles Montoya quien le pisa los talones al senador morenista con un 12.31 por ciento.&nbsp;<\/p>\n\n\n\n<p>Finalmente, Demoscopia Digital tambi\u00e9n retrata una mayor intenci\u00f3n de votos para Morena, aunque con un menor porcentaje que las anteriores, siendo el 39.9 por ciento el referido en su m\u00e1s reciente encuesta; mientras que el PRI tiene un 18.9 por ciento y el PAN un 6.7 por ciento.&nbsp;<\/p>\n\n\n\n<p>La encuestadora toma en cuenta a Ra\u00fal Bola\u00f1os Cacho Cu\u00e9 como candidato de Morena, aunque con una preferencia menor a la de Salom\u00f3n Jara y Susana Harp que vuelve a liderar la preferencia de las y los votantes con un 32.2 por ciento.&nbsp;<\/p>\n\n\n\n<p>Siguiendo la tendencia de la coalici\u00f3n de partidos, coloca como candidatos del PAN, PRI y PRD a Samuel Gurri\u00f3n, Francisco \u00c1ngel Villarreal y Alejandra Garc\u00eda Morlan, sin embargo, los tres personajes a\u00fan se quedan muy debajo, entre 17 y 20 puntos de diferencia, al competir con la senadora Susana Harp.<\/p>\n","protected":false},"excerpt":{"rendered":"<p>Evlin Arag\u00f3n\/Zona Roja. Oaxaca de Ju\u00e1rez, Oax., 8 de septiembre de 2021.- Tras haber dado&hellip;<\/p>\n","protected":false},"author":2,"featured_media":31777,"comment_status":"closed","ping_status":"open","sticky":false,"template":"","format":"standard","meta":{"_lmt_disableupdate":"","_lmt_disable":"","_jetpack_memberships_contains_paid_content":false,"footnotes":""},"categories":[109,46],"tags":[1685],"class_list":["post-31776","post","type-post","status-publish","format-standard","has-post-thumbnail","hentry","category-minuto-a-minuto","category-zona-blanca","tag-susana-harp-iturribarria"],"jetpack_featured_media_url":"https:\/\/zonaroja.com.mx\/wp-content\/uploads\/2021\/09\/Encuestas-Susana-Harp-1.jpg","jetpack_sharing_enabled":true,"_links":{"self":[{"href":"https:\/\/zonaroja.com.mx\/index.php?rest_route=\/wp\/v2\/posts\/31776","targetHints":{"allow":["GET"]}}],"collection":[{"href":"https:\/\/zonaroja.com.mx\/index.php?rest_route=\/wp\/v2\/posts"}],"about":[{"href":"https:\/\/zonaroja.com.mx\/index.php?rest_route=\/wp\/v2\/types\/post"}],"author":[{"embeddable":true,"href":"https:\/\/zonaroja.com.mx\/index.php?rest_route=\/wp\/v2\/users\/2"}],"replies":[{"embeddable":true,"href":"https:\/\/zonaroja.com.mx\/index.php?rest_route=%2Fwp%2Fv2%2Fcomments&post=31776"}],"version-history":[{"count":1,"href":"https:\/\/zonaroja.com.mx\/index.php?rest_route=\/wp\/v2\/posts\/31776\/revisions"}],"predecessor-version":[{"id":31778,"href":"https:\/\/zonaroja.com.mx\/index.php?rest_route=\/wp\/v2\/posts\/31776\/revisions\/31778"}],"wp:featuredmedia":[{"embeddable":true,"href":"https:\/\/zonaroja.com.mx\/index.php?rest_route=\/wp\/v2\/media\/31777"}],"wp:attachment":[{"href":"https:\/\/zonaroja.com.mx\/index.php?rest_route=%2Fwp%2Fv2%2Fmedia&parent=31776"}],"wp:term":[{"taxonomy":"category","embeddable":true,"href":"https:\/\/zonaroja.com.mx\/index.php?rest_route=%2Fwp%2Fv2%2Fcategories&post=31776"},{"taxonomy":"post_tag","embeddable":true,"href":"https:\/\/zonaroja.com.mx\/index.php?rest_route=%2Fwp%2Fv2%2Ftags&post=31776"}],"curies":[{"name":"wp","href":"https:\/\/api.w.org\/{rel}","templated":true}]}}