{"id":3178,"date":"2019-08-18T19:25:56","date_gmt":"2019-08-19T00:25:56","guid":{"rendered":"http:\/\/www.zonaroja.com.mx\/?p=3178"},"modified":"2019-08-18T19:25:59","modified_gmt":"2019-08-19T00:25:59","slug":"terminaba-de-predicar-a-cristo-cuando-asesinaron-al-pastor-evangelico","status":"publish","type":"post","link":"https:\/\/zonaroja.com.mx\/?p=3178","title":{"rendered":"Terminaba de predicar a Cristo, cuando asesinaron al pastor evang\u00e9lico"},"content":{"rendered":"\n<p>Redacci\u00f3n\/Zona Roja.<\/p>\n\n\n\n<p>Oaxaca de Ju\u00e1rez, Oax., 18 de agosto de\n2019.- Reci\u00e9n hab\u00eda concluido de predicar sobre el amor y salvaci\u00f3n de\nJesucristo y sal\u00eda del templo, cuando fue atacado a balazos. <\/p>\n\n\n\n<p>As\u00ed fue asesinado el pastor evang\u00e9lico\nAlfredi o Alfredo L\u00edctor Cruz Canseco, al mediod\u00eda de este domingo en la\niglesia \u201cFraternidad Cristiana\u201d ubicada en el municipio de Tlalixtac de\nCabrera, a unos cinco kil\u00f3metros al oriente de la capital.<\/p>\n\n\n\n<p>De acuerdo con los asistentes al\ntemplo, un individuo &#8211;cuya identidad no se ha revelado&#8211; dispar\u00f3 a quemarropa al\nministro de culto.<\/p>\n\n\n\n<p>En los momentos en que intentaba huir,\nfue detenido por la propia gente, que entreg\u00f3 poco despu\u00e9s a las corporaciones\nde seguridad p\u00fablica.<\/p>\n\n\n\n<p>Hasta el momento, se ignora el m\u00f3vil\ndel crimen, que forma parte de la docena de asesinatos perpetrados por arma de\nfuego durante este fin de semana.<\/p>\n","protected":false},"excerpt":{"rendered":"<p>Redacci\u00f3n\/Zona Roja. Oaxaca de Ju\u00e1rez, Oax., 18 de agosto de 2019.- Reci\u00e9n hab\u00eda concluido de&hellip;<\/p>\n","protected":false},"author":2,"featured_media":3179,"comment_status":"closed","ping_status":"open","sticky":false,"template":"","format":"standard","meta":{"_lmt_disableupdate":"","_lmt_disable":"","_jetpack_memberships_contains_paid_content":false,"footnotes":""},"categories":[109,51],"tags":[570],"class_list":["post-3178","post","type-post","status-publish","format-standard","has-post-thumbnail","hentry","category-minuto-a-minuto","category-zona-roja","tag-asesinan-a-pastor-evangelico-en-tlalixtac-oaxaca"],"jetpack_featured_media_url":"https:\/\/zonaroja.com.mx\/wp-content\/uploads\/2019\/08\/8bef453a-5e7a-49ff-a826-4d11d5d2361e.jpg","jetpack_sharing_enabled":true,"_links":{"self":[{"href":"https:\/\/zonaroja.com.mx\/index.php?rest_route=\/wp\/v2\/posts\/3178","targetHints":{"allow":["GET"]}}],"collection":[{"href":"https:\/\/zonaroja.com.mx\/index.php?rest_route=\/wp\/v2\/posts"}],"about":[{"href":"https:\/\/zonaroja.com.mx\/index.php?rest_route=\/wp\/v2\/types\/post"}],"author":[{"embeddable":true,"href":"https:\/\/zonaroja.com.mx\/index.php?rest_route=\/wp\/v2\/users\/2"}],"replies":[{"embeddable":true,"href":"https:\/\/zonaroja.com.mx\/index.php?rest_route=%2Fwp%2Fv2%2Fcomments&post=3178"}],"version-history":[{"count":1,"href":"https:\/\/zonaroja.com.mx\/index.php?rest_route=\/wp\/v2\/posts\/3178\/revisions"}],"predecessor-version":[{"id":3180,"href":"https:\/\/zonaroja.com.mx\/index.php?rest_route=\/wp\/v2\/posts\/3178\/revisions\/3180"}],"wp:featuredmedia":[{"embeddable":true,"href":"https:\/\/zonaroja.com.mx\/index.php?rest_route=\/wp\/v2\/media\/3179"}],"wp:attachment":[{"href":"https:\/\/zonaroja.com.mx\/index.php?rest_route=%2Fwp%2Fv2%2Fmedia&parent=3178"}],"wp:term":[{"taxonomy":"category","embeddable":true,"href":"https:\/\/zonaroja.com.mx\/index.php?rest_route=%2Fwp%2Fv2%2Fcategories&post=3178"},{"taxonomy":"post_tag","embeddable":true,"href":"https:\/\/zonaroja.com.mx\/index.php?rest_route=%2Fwp%2Fv2%2Ftags&post=3178"}],"curies":[{"name":"wp","href":"https:\/\/api.w.org\/{rel}","templated":true}]}}