{"id":31781,"date":"2021-09-08T08:31:11","date_gmt":"2021-09-08T13:31:11","guid":{"rendered":"http:\/\/www.zonaroja.com.mx\/?p=31781"},"modified":"2021-09-08T08:31:13","modified_gmt":"2021-09-08T13:31:13","slug":"reconoce-el-ieepo-desempeno-de-mujeres-indigenas-en-la-educacion","status":"publish","type":"post","link":"https:\/\/zonaroja.com.mx\/?p=31781","title":{"rendered":"Reconoce el IEEPO desempe\u00f1o de mujeres ind\u00edgenas en la educaci\u00f3n"},"content":{"rendered":"\n<p>Redacci\u00f3n\/Zona Roja.<\/p>\n\n\n\n<p>Oaxaca de Ju\u00e1rez, Oax., 8 de septiembre de 2021.- En reconocimiento al desempe\u00f1o que realizan las mujeres y maestras hablantes de una lengua ind\u00edgena y que trabajan con escolares de pueblos originarios o en contextos no ind\u00edgenas, el Instituto Estatal de Educaci\u00f3n P\u00fablica de Oaxaca, que dirige Francisco \u00c1ngel Villarreal, llev\u00f3 a cabo el panel virtual \u201cLa mujer ind\u00edgena en la educaci\u00f3n\u201d, en el que participaron 170 docentes y 30 directivos de educaci\u00f3n ind\u00edgena.<\/p>\n\n\n\n<p>El encuentro form\u00f3 parte de las actividades acad\u00e9micas y culturales que se realizan en el marco de la conmemoraci\u00f3n del D\u00eda Internacional de la Mujer Ind\u00edgena -5 de septiembre-, con el fin de rendir tributo a las mujeres pertenecientes a los pueblos ind\u00edgenas y lograr visibilizar su labor, empe\u00f1o y dedicaci\u00f3n que realizan todos los d\u00edas en los diferentes \u00e1mbitos de su vida personal, familiar, comunitaria y social.<\/p>\n\n\n\n<p>Con la representaci\u00f3n del director general del IEEPO, Francisco \u00c1ngel Villarreal, el subdirector General de Servicios Educativos, \u00c1lvaro C\u00e9sar Guevara Ram\u00edrez, destac\u00f3 el papel fundamental que desempe\u00f1an los pueblos ind\u00edgenas, y en especial las mujeres, quienes poco a poco van ganando terreno en \u00e1mbitos de la sociedad donde antes no ten\u00edan, o era muy limitada su participaci\u00f3n.<\/p>\n\n\n\n<p>Se\u00f1al\u00f3 que actualmente, gracias a las redes sociales, conocemos a mujeres ind\u00edgenas que son poetas, escritoras, acad\u00e9micas, investigadoras, canta autoras, parteras tradicionales, curanderas, cocineras, artesanas, deportistas y mucho m\u00e1s que, con su esfuerzo, entrega y trabajo, siguen dando vida a las culturas e identidades de los pueblos originarios.<\/p>\n\n\n\n<p>Refiri\u00f3 que las madres de familia son quienes inician los procesos de ense\u00f1anza y aprendizaje de la lengua en el seno del hogar. Los conocimientos ancestrales que ellas tienen, contribuyen a preservar las culturas de los pueblos originarios y de muchas otras personas no ind\u00edgenas que, de una forma u otra, reciben los beneficios de estos saberes.<\/p>\n\n\n\n<p>En el caso de las maestras, dijo, adem\u00e1s de ser profesionistas, tambi\u00e9n son hijas, madres, esposas y parte fundamental en el desarrollo de sus comunidades. \u201cUstedes han superado muchos obst\u00e1culos seguramente y les debemos muchos aportes acad\u00e9micos\u201d, indic\u00f3.<\/p>\n\n\n\n<p>Destac\u00f3 que para brindar una atenci\u00f3n puntual al alumnado ind\u00edgena y hablante de su lengua originaria, por encomienda del gobernador Alejandro Murat Hinojosa, el IEEPO trabaja con acciones de inclusi\u00f3n y equidad por medio de cursos de capacitaci\u00f3n docente que permita brindar condiciones en la formaci\u00f3n escolar sin discriminaci\u00f3n de g\u00e9nero, ling\u00fc\u00edstica, cultural y social.<\/p>\n\n\n\n<p>En tanto, el titular de la Unidad de Educaci\u00f3n Ind\u00edgena, Omar Lara Ju\u00e1rez, resalt\u00f3 que las mujeres ind\u00edgenas en las comunidades son las guardianas de las tradiciones, comparten sabidur\u00edas, conocimientos, experiencias y pr\u00e1cticas ancestrales de los pueblos originarios. \u201cSon mediadoras de paz y acciones positivas para hacer de este mundo mejor\u201d.<\/p>\n\n\n\n<p>Recalc\u00f3 que conmemorar esta fecha tambi\u00e9n convoca a seguir trabajando para disminuir la brecha de g\u00e9nero y la no discriminaci\u00f3n en cualquiera de sus formas. La mujer ind\u00edgena hoy y siempre ser\u00e1 una l\u00edder activa que debemos respetar en cualquier \u00e1mbito y reconocer que es pieza clave para avanzar hacia sociedades m\u00e1s justas y equitativas.<\/p>\n\n\n\n<p>Como parte del panel virtual, la psic\u00f3loga Mar\u00eda Elena S\u00e1nchez Cruz, expuso el tema \u00abMujer ind\u00edgena, una mirada desde la perspectiva de g\u00e9nero\u00bb y particip\u00f3 junto con la maestra Alba Montion Bejarano, en el panel virtual \u201cLa mujer ind\u00edgena en la educaci\u00f3n\u201d.<\/p>\n","protected":false},"excerpt":{"rendered":"<p>Redacci\u00f3n\/Zona Roja. Oaxaca de Ju\u00e1rez, Oax., 8 de septiembre de 2021.- En reconocimiento al desempe\u00f1o&hellip;<\/p>\n","protected":false},"author":2,"featured_media":31774,"comment_status":"closed","ping_status":"open","sticky":false,"template":"","format":"standard","meta":{"_lmt_disableupdate":"","_lmt_disable":"","_jetpack_memberships_contains_paid_content":false,"footnotes":""},"categories":[109,46],"tags":[2837],"class_list":["post-31781","post","type-post","status-publish","format-standard","has-post-thumbnail","hentry","category-minuto-a-minuto","category-zona-blanca","tag-instituto-estatal-de-educacion-publica-de-oaxaca-ieepo"],"jetpack_featured_media_url":"https:\/\/zonaroja.com.mx\/wp-content\/uploads\/2021\/09\/01-IEEPO-2-2.jpg","jetpack_sharing_enabled":true,"_links":{"self":[{"href":"https:\/\/zonaroja.com.mx\/index.php?rest_route=\/wp\/v2\/posts\/31781","targetHints":{"allow":["GET"]}}],"collection":[{"href":"https:\/\/zonaroja.com.mx\/index.php?rest_route=\/wp\/v2\/posts"}],"about":[{"href":"https:\/\/zonaroja.com.mx\/index.php?rest_route=\/wp\/v2\/types\/post"}],"author":[{"embeddable":true,"href":"https:\/\/zonaroja.com.mx\/index.php?rest_route=\/wp\/v2\/users\/2"}],"replies":[{"embeddable":true,"href":"https:\/\/zonaroja.com.mx\/index.php?rest_route=%2Fwp%2Fv2%2Fcomments&post=31781"}],"version-history":[{"count":1,"href":"https:\/\/zonaroja.com.mx\/index.php?rest_route=\/wp\/v2\/posts\/31781\/revisions"}],"predecessor-version":[{"id":31782,"href":"https:\/\/zonaroja.com.mx\/index.php?rest_route=\/wp\/v2\/posts\/31781\/revisions\/31782"}],"wp:featuredmedia":[{"embeddable":true,"href":"https:\/\/zonaroja.com.mx\/index.php?rest_route=\/wp\/v2\/media\/31774"}],"wp:attachment":[{"href":"https:\/\/zonaroja.com.mx\/index.php?rest_route=%2Fwp%2Fv2%2Fmedia&parent=31781"}],"wp:term":[{"taxonomy":"category","embeddable":true,"href":"https:\/\/zonaroja.com.mx\/index.php?rest_route=%2Fwp%2Fv2%2Fcategories&post=31781"},{"taxonomy":"post_tag","embeddable":true,"href":"https:\/\/zonaroja.com.mx\/index.php?rest_route=%2Fwp%2Fv2%2Ftags&post=31781"}],"curies":[{"name":"wp","href":"https:\/\/api.w.org\/{rel}","templated":true}]}}