{"id":31785,"date":"2021-09-08T14:13:20","date_gmt":"2021-09-08T19:13:20","guid":{"rendered":"https:\/\/www.zonaroja.com.mx\/?p=31785"},"modified":"2021-09-08T15:14:02","modified_gmt":"2021-09-08T20:14:02","slug":"denuncian-condiciones-deplorables-en-hospitales-del-issste-en-oaxaca-y-director-en-campana","status":"publish","type":"post","link":"https:\/\/zonaroja.com.mx\/?p=31785","title":{"rendered":"Denuncian condiciones deplorables en hospitales del ISSSTE en Oaxaca\u2026 y director en campa\u00f1a"},"content":{"rendered":"\n<p class=\"MsoNormal\">Evlin Arag\u00f3n\/Zona Roja.&nbsp;<\/p>\n\n\n\n<p class=\"MsoNormal\">Oaxaca de Ju\u00e1rez, Oax., 8 de septiembre de 2021.- Las deplorables condiciones en las que se encuentran los hospitales de Oaxaca se mantienen activas y no son exclusivas de los centros m\u00e9dicos que dependen de los Servicios de Salud de Oaxaca (SSO). <\/p>\n\n\n\n<p class=\"MsoNormal\">Lo anterior qued\u00f3 corroborado con la reciente denuncia que hiciera personal del Hospital Regional \u201cPresidente Ju\u00e1rez\u201d del ISSSTE, que evidenci\u00f3 &nbsp;que los elevadores llevan m\u00e1s de cinco d\u00edas sin funcionar al interior del nosocomio, situaci\u00f3n que ha complicado su desempe\u00f1o y la atenci\u00f3n que brindan a las y los usuarios.&nbsp;&nbsp;&nbsp;<\/p>\n\n\n\n<p class=\"MsoNormal\">\u201cLos elevadores llevan m\u00e1s de cinco d\u00edas sin funcionar\u2026 los trabajadores camilleros, personal de cocina, lavander\u00eda y pacientes en general se exponen al subir cargando por las escaleras todo tipo de pacientes y materiales para&nbsp;realizar su rutina de trabajo sin importar el riesgo que esto conlleve\u201d, refiere la denuncia que hizo p\u00fablica a trav\u00e9s de las redes sociales.&nbsp;<\/p>\n\n\n\n<p class=\"MsoNormal\">De acuerdo con lo expuesto, la situaci\u00f3n ha sido denunciada en reiteradas ocasiones ante los directivos, toda vez que no se trata de la primera vez que sucede, por el contrario, la falla en los elevadores se ha convertido en una constante. Sin embargo, nada se ha hecho para darle soluci\u00f3n concreta, dejando en el abandono el centro m\u00e9dico m\u00e1s importante en Oaxaca para derechohabientes del ISSSTE.&nbsp;&nbsp;<\/p>\n\n\n\n<p class=\"MsoNormal\">\u201cEsta problem\u00e1tica ya se ha presentado varias veces en el hospital sin tener alguna soluci\u00f3n concreta, solo medio los reparan y tiempo despu\u00e9s vuelven a fallar. Yo me pregunto \u00bfd\u00f3nde queda todos los impuestos que nos descuentan a todos y cada uno de los trabajadores?\u201d, citan en su denuncia.&nbsp;&nbsp;&nbsp;<\/p>\n\n\n\n<p class=\"MsoNormal\">No se trata de la \u00fanica inconformidad al interior de la instituci\u00f3n de salud federal, apenas este fin de semana personal de la cl\u00ednica-hospital ubicada en Huajuapan de Le\u00f3n, iniciaron una jornada de movilizaciones, para exigir la destituci\u00f3n de la directora, Thal\u00eda Saynes R\u00edos, quien presuntamente es protegida por la autoridad.&nbsp;<\/p>\n\n\n\n<p class=\"MsoNormal\">El grupo inconforme acus\u00f3 a la funcionaria de prepotente y trata de manera hostil al personal, adem\u00e1s que denunciaron que dicho nosocomio no cuenta con medicamentos ni insumos b\u00e1sicos, como tampoco para enfrentar la pandemia por Covid-19; tampoco cuentan con equipamiento necesario para su trabajo.&nbsp;<\/p>\n\n\n\n<p class=\"MsoNormal\">\u201cNo al desmantelamiento de la cl\u00ednica, el d\u00eda 18 de agosto se llevaron el mast\u00f3grafo dejando a las mujeres de la Mixteca vulnerables\u201d, indicaron en el marco de su protesta.&nbsp;<\/p>\n\n\n\n<p class=\"MsoNormal\">Mientras las denuncias sobre las deficiencias que presentan los hospitales se hacen p\u00fablicas, el director general del ISSSTE, Luis Antonio Pineda Ram\u00edrez, ha intensificado sus giras de trabajo por Oaxaca, con cargo al erario, en la que ha aprovechado para hacer p\u00fablica su intenci\u00f3n de participar en la contienda electoral que defina al pr\u00f3ximo gobernante de la entidad.  <\/p>\n\n\n\n<p>Precisamente este fin de semana estuvo en pueblos de la regi\u00f3n Mixteca, pero no atendi\u00f3 a los inconformes. <\/p>\n","protected":false},"excerpt":{"rendered":"<p>Evlin Arag\u00f3n\/Zona Roja.&nbsp; Oaxaca de Ju\u00e1rez, Oax., 8 de septiembre de 2021.- Las deplorables condiciones&hellip;<\/p>\n","protected":false},"author":2,"featured_media":31775,"comment_status":"closed","ping_status":"open","sticky":false,"template":"","format":"standard","meta":{"_lmt_disableupdate":"","_lmt_disable":"","_jetpack_memberships_contains_paid_content":false,"footnotes":""},"categories":[109,47],"tags":[],"class_list":["post-31785","post","type-post","status-publish","format-standard","has-post-thumbnail","hentry","category-minuto-a-minuto","category-zona-gris"],"jetpack_featured_media_url":"https:\/\/zonaroja.com.mx\/wp-content\/uploads\/2021\/09\/Hospital-ISSSTE-Oaxaca.jpg","jetpack_sharing_enabled":true,"_links":{"self":[{"href":"https:\/\/zonaroja.com.mx\/index.php?rest_route=\/wp\/v2\/posts\/31785","targetHints":{"allow":["GET"]}}],"collection":[{"href":"https:\/\/zonaroja.com.mx\/index.php?rest_route=\/wp\/v2\/posts"}],"about":[{"href":"https:\/\/zonaroja.com.mx\/index.php?rest_route=\/wp\/v2\/types\/post"}],"author":[{"embeddable":true,"href":"https:\/\/zonaroja.com.mx\/index.php?rest_route=\/wp\/v2\/users\/2"}],"replies":[{"embeddable":true,"href":"https:\/\/zonaroja.com.mx\/index.php?rest_route=%2Fwp%2Fv2%2Fcomments&post=31785"}],"version-history":[{"count":2,"href":"https:\/\/zonaroja.com.mx\/index.php?rest_route=\/wp\/v2\/posts\/31785\/revisions"}],"predecessor-version":[{"id":31787,"href":"https:\/\/zonaroja.com.mx\/index.php?rest_route=\/wp\/v2\/posts\/31785\/revisions\/31787"}],"wp:featuredmedia":[{"embeddable":true,"href":"https:\/\/zonaroja.com.mx\/index.php?rest_route=\/wp\/v2\/media\/31775"}],"wp:attachment":[{"href":"https:\/\/zonaroja.com.mx\/index.php?rest_route=%2Fwp%2Fv2%2Fmedia&parent=31785"}],"wp:term":[{"taxonomy":"category","embeddable":true,"href":"https:\/\/zonaroja.com.mx\/index.php?rest_route=%2Fwp%2Fv2%2Fcategories&post=31785"},{"taxonomy":"post_tag","embeddable":true,"href":"https:\/\/zonaroja.com.mx\/index.php?rest_route=%2Fwp%2Fv2%2Ftags&post=31785"}],"curies":[{"name":"wp","href":"https:\/\/api.w.org\/{rel}","templated":true}]}}