{"id":31791,"date":"2021-09-08T18:42:24","date_gmt":"2021-09-08T23:42:24","guid":{"rendered":"http:\/\/www.zonaroja.com.mx\/?p=31791"},"modified":"2021-09-08T18:42:29","modified_gmt":"2021-09-08T23:42:29","slug":"solucion-al-conflicto-ayutla-tamazulapam-solo-fue-tomado-por-autoridades","status":"publish","type":"post","link":"https:\/\/zonaroja.com.mx\/?p=31791","title":{"rendered":"\u201cSoluci\u00f3n\u201d al conflicto Ayutla-Tamazul\u00e1pam s\u00f3lo fue tomado por autoridades"},"content":{"rendered":"\n<p>Evlin Arag\u00f3n\/Zona Roja.<\/p>\n\n\n\n<p>Oaxaca de Ju\u00e1rez, Oax., 8 de septiembre de 2021.- Comuneras y comuneros de San Pedro y San Pablo Ayutla Mixe se manifestaron en contra de los recientes acuerdos que, aseguran, les despojan de sus tierras y manantial, mismos que fueron avalados en una asamblea viciada y en la que no fueron tomados en cuenta.&nbsp;<\/p>\n\n\n\n<p>De acuerdo con lo expuesto en conferencia de prensa en la capital, el pasado 28 de agosto la autoridad municipal encabezada por Jes\u00fas Galv\u00e1n Rojas convoc\u00f3 a una asamblea extraordinaria y urgente en donde se tom\u00f3 la decisi\u00f3n unilateral de ceder un importante n\u00famero de terrenos, sin escuchar la oposici\u00f3n de un importante n\u00famero de habitantes.&nbsp;<\/p>\n\n\n\n<p>Lo anterior a fin de terminar con el conflicto que enfrentan con el municipio de Tamazul\u00e1pam del Esp\u00edritu Santo, de ah\u00ed que por acuerdo de asamblea se determin\u00f3 establecer una colindancia con dicha comunidad que implica ceder tierras y dejar la propiedad del manantial a quien se los arrebat\u00f3 hace cuatro a\u00f1os. &nbsp;<\/p>\n\n\n\n<p>Ante dicha situaci\u00f3n, exigieron ser tomados en cuenta por las autoridades, al ser los directamente afectados por el conflicto; respeto a sus terrenos ubicados cercal del manantial y Las Islas, mismos que piden no entregar como moneda de cambio; y finalmente, que se cumpla con la sentencia de la reconexi\u00f3n al manantial en los t\u00e9rminos ordenados por el Juez Tercero de Distrito.&nbsp;<\/p>\n\n\n\n<p>A las afueras de la Defensor\u00eda de los Derechos Humanos del Pueblo de Oaxaca (DDHPO), denunciaron la crisis a la que se enfrenta la asamblea como m\u00e1xima autoridad comunal, al no ser considerada la autonom\u00eda y libre determinaci\u00f3n del pueblo y mucho menos ser escuchadas todas las voces de su poblaci\u00f3n.&nbsp;<\/p>\n\n\n\n<p>Explicaron que, actualmente, las asambleas ya no son para analizar y construir consensos, sino para validar acuerdos que son previamente establecidos, \u201clas asambleas se han vuelto en reuniones simplemente informativas\u201d, denunciaron.<\/p>\n\n\n\n<p>En este mismo sentido, indicaron que son las mismas personas de siempre las que conducen los debates al interior de la asamblea, quienes no permiten la participaci\u00f3n de quienes se pronuncian en contra, adem\u00e1s que condicionan los apoyos del gobierno para consolidar la participaci\u00f3n del pueblo.&nbsp;<\/p>\n\n\n\n<p>\u201cEn las asambleas se amenaza y agrede de manera verbal a quienes no est\u00e9n de acuerdo con las propuestas del presidente municipal\u201d, indicaron.&nbsp;<\/p>\n\n\n\n<p>Finalmente, y sabedores de las implicaciones que tiene la denuncia p\u00fablica en contra de su presidente municipal, lo responsabilizaron junto con las dem\u00e1s autoridades de cualquier agresi\u00f3n y hostigamiento del que pueden ser v\u00edctimas de manera personal o familiar.\u00a0<\/p>\n\n\n\n<figure class=\"wp-block-embed-twitter wp-block-embed is-type-rich is-provider-twitter\"><div class=\"wp-block-embed__wrapper\">\n<div class=\"twitter-tweet\"><blockquote class=\"twitter-tweet\" data-lang=\"es\"><p lang=\"es\" dir=\"ltr\">Se complica la soluci\u00f3n al conflicto entre Ayutla y Tamazul\u00e1pam Mixe.<br>El acuerdo de entendimiento s\u00f3lo fue entre autoridades administrativas y agrarias, denuncia un grupo de comuneros, en la sede de la <a href=\"https:\/\/twitter.com\/DDHPO?ref_src=twsrc%5Etfw\">@DDHPO<\/a>. <a href=\"https:\/\/t.co\/4hRRA7XEm7\">pic.twitter.com\/4hRRA7XEm7<\/a><\/p>&mdash; Zona Roja Oaxaca (@Zona_Roja_Oax) <a href=\"https:\/\/twitter.com\/Zona_Roja_Oax\/status\/1435729827626115072?ref_src=twsrc%5Etfw\">8 de septiembre de 2021<\/a><\/blockquote><\/div>\n<\/div><\/figure>\n\n\n\n<p>\u201cPara nosotras y nosotros la tierra no se vende, se defiende; la tierra es parte de nuestra identidad, de nuestra historia; la tierra es nuestro presente y futuro, en ella hemos vivido\u2026 por ello rechazamos desde ahora cualquier medida encaminada a atribuirles un valor econ\u00f3mico.&nbsp;&nbsp;<\/p>\n\n\n\n<p>Aunque el grupo inconforme argumenta que no fue tomado en cuenta, la decisi\u00f3n tomada en asamblea se hizo p\u00fablica el pasado dos de septiembre en la agencia municipal de Cerro Pel\u00f3n, donde incluso se anunci\u00f3 la firma de un acuerdo para disoluci\u00f3n de la mancomunidad, as\u00ed como los conflictos por el agua.<\/p>\n\n\n\n<p>\u201cSeguridad social, contrato laboral, salario digno, reconocimiento a sus derechos fundamentales, son algunos ejemplos de la deuda hist\u00f3rica que se tiene con un sector conformado principalmente por mujeres, quienes asumen el rol de atenci\u00f3n y cuidado asignado socialmente a la poblaci\u00f3n femenina y con su labor contribuyen a la productividad econ\u00f3mica y generaci\u00f3n de riqueza, pero qu\u00e9 al no ser reconocidas, son excluidas de sus beneficios\u201d, recalc\u00f3.<\/p>\n\n\n\n<p>En esta nueva relaci\u00f3n de colaboraci\u00f3n orientada a promover una pol\u00edtica nacional de cuidados y exigir que se garantice la progresividad de los derechos de las trabajadoras del hogar, la secretaria colegiada del SINACTRAHO, Norma Palacios, expuso que el trabajo del hogar remunerado es una actividad principalmente femenina y estrechamente relacionada con la desigualdad que vive la poblaci\u00f3n ind\u00edgena en t\u00e9rminos raciales, de clase social y de discriminaci\u00f3n por su condici\u00f3n \u00e9tnica y ling\u00fc\u00edstica.<\/p>\n\n\n\n<p>\u201cEn a\u00f1os recientes el tema se ha colocado en la mira de los estudios sobre discriminaci\u00f3n, g\u00e9nero e igualdad laboral, particularmente porque cerca de 10 por ciento de la poblaci\u00f3n ocupada femenina en M\u00e9xico se concentra en esta actividad y es discriminada por razones raciales o de origen \u00e9tnico y de pobreza\u201d, agreg\u00f3.<\/p>\n\n\n\n<p>Oaxaca tiene las cifras m\u00e1s altas de trabajadoras del hogar con 130 mil 461 mujeres, por lo que es imperante atender&nbsp; el respeto a los derechos humanos y laborales de cada una de ellas.<\/p>\n","protected":false},"excerpt":{"rendered":"<p>Evlin Arag\u00f3n\/Zona Roja. Oaxaca de Ju\u00e1rez, Oax., 8 de septiembre de 2021.- Comuneras y comuneros&hellip;<\/p>\n","protected":false},"author":2,"featured_media":31792,"comment_status":"closed","ping_status":"open","sticky":false,"template":"","format":"standard","meta":{"_lmt_disableupdate":"","_lmt_disable":"","_jetpack_memberships_contains_paid_content":false,"footnotes":""},"categories":[109,47],"tags":[356],"class_list":["post-31791","post","type-post","status-publish","format-standard","has-post-thumbnail","hentry","category-minuto-a-minuto","category-zona-gris","tag-conflicto-san-pedro-y-san-pablo-ayutla-y-tamazulapam-del-espiritu-santo"],"jetpack_featured_media_url":"https:\/\/zonaroja.com.mx\/wp-content\/uploads\/2021\/09\/Conferencia-comuneros-Ayutla.jpg","jetpack_sharing_enabled":true,"_links":{"self":[{"href":"https:\/\/zonaroja.com.mx\/index.php?rest_route=\/wp\/v2\/posts\/31791","targetHints":{"allow":["GET"]}}],"collection":[{"href":"https:\/\/zonaroja.com.mx\/index.php?rest_route=\/wp\/v2\/posts"}],"about":[{"href":"https:\/\/zonaroja.com.mx\/index.php?rest_route=\/wp\/v2\/types\/post"}],"author":[{"embeddable":true,"href":"https:\/\/zonaroja.com.mx\/index.php?rest_route=\/wp\/v2\/users\/2"}],"replies":[{"embeddable":true,"href":"https:\/\/zonaroja.com.mx\/index.php?rest_route=%2Fwp%2Fv2%2Fcomments&post=31791"}],"version-history":[{"count":1,"href":"https:\/\/zonaroja.com.mx\/index.php?rest_route=\/wp\/v2\/posts\/31791\/revisions"}],"predecessor-version":[{"id":31793,"href":"https:\/\/zonaroja.com.mx\/index.php?rest_route=\/wp\/v2\/posts\/31791\/revisions\/31793"}],"wp:featuredmedia":[{"embeddable":true,"href":"https:\/\/zonaroja.com.mx\/index.php?rest_route=\/wp\/v2\/media\/31792"}],"wp:attachment":[{"href":"https:\/\/zonaroja.com.mx\/index.php?rest_route=%2Fwp%2Fv2%2Fmedia&parent=31791"}],"wp:term":[{"taxonomy":"category","embeddable":true,"href":"https:\/\/zonaroja.com.mx\/index.php?rest_route=%2Fwp%2Fv2%2Fcategories&post=31791"},{"taxonomy":"post_tag","embeddable":true,"href":"https:\/\/zonaroja.com.mx\/index.php?rest_route=%2Fwp%2Fv2%2Ftags&post=31791"}],"curies":[{"name":"wp","href":"https:\/\/api.w.org\/{rel}","templated":true}]}}